{"id":5944,"count":1,"description":"","link":"https:\/\/blogs.correiobraziliense.com.br\/vicente\/tag\/bolsonaro-levanta-suspeita-sobre-vacinacao-de-criancas\/","name":"Bolsonaro levanta suspeita sobre vacina\u00e7\u00e3o de crian\u00e7as","slug":"bolsonaro-levanta-suspeita-sobre-vacinacao-de-criancas","taxonomy":"post_tag","meta":[],"_links":{"self":[{"href":"https:\/\/blogs.correiobraziliense.com.br\/vicente\/wp-json\/wp\/v2\/tags\/5944","targetHints":{"allow":["GET"]}}],"collection":[{"href":"https:\/\/blogs.correiobraziliense.com.br\/vicente\/wp-json\/wp\/v2\/tags"}],"about":[{"href":"https:\/\/blogs.correiobraziliense.com.br\/vicente\/wp-json\/wp\/v2\/taxonomies\/post_tag"}],"wp:post_type":[{"href":"https:\/\/blogs.correiobraziliense.com.br\/vicente\/wp-json\/wp\/v2\/posts?tags=5944"}],"curies":[{"name":"wp","href":"https:\/\/api.w.org\/{rel}","templated":true}]}}