{"id":5762,"count":1,"description":"","link":"https:\/\/blogs.correiobraziliense.com.br\/vicente\/tag\/tristeza-e-raiva-sao-sentimentos-mais-presentes-em-relacao-a-bolsonaro-neste-sete-de-setembro\/","name":"tristeza e raiva s\u00e3o sentimentos mais presentes em rela\u00e7\u00e3o a Bolsonaro neste Sete de Setembro","slug":"tristeza-e-raiva-sao-sentimentos-mais-presentes-em-relacao-a-bolsonaro-neste-sete-de-setembro","taxonomy":"post_tag","meta":[],"_links":{"self":[{"href":"https:\/\/blogs.correiobraziliense.com.br\/vicente\/wp-json\/wp\/v2\/tags\/5762","targetHints":{"allow":["GET"]}}],"collection":[{"href":"https:\/\/blogs.correiobraziliense.com.br\/vicente\/wp-json\/wp\/v2\/tags"}],"about":[{"href":"https:\/\/blogs.correiobraziliense.com.br\/vicente\/wp-json\/wp\/v2\/taxonomies\/post_tag"}],"wp:post_type":[{"href":"https:\/\/blogs.correiobraziliense.com.br\/vicente\/wp-json\/wp\/v2\/posts?tags=5762"}],"curies":[{"name":"wp","href":"https:\/\/api.w.org\/{rel}","templated":true}]}}