{"id":5525,"count":1,"description":"","link":"https:\/\/blogs.correiobraziliense.com.br\/vicente\/tag\/planalto-corre-para-evitar-vexame-de-bolsonaro-caso-selecao-diga-nao-a-copa-america\/","name":"Planalto corre para evitar vexame de Bolsonaro caso Sele\u00e7\u00e3o diga n\u00e3o \u00e0 Copa Am\u00e9rica","slug":"planalto-corre-para-evitar-vexame-de-bolsonaro-caso-selecao-diga-nao-a-copa-america","taxonomy":"post_tag","meta":[],"_links":{"self":[{"href":"https:\/\/blogs.correiobraziliense.com.br\/vicente\/wp-json\/wp\/v2\/tags\/5525","targetHints":{"allow":["GET"]}}],"collection":[{"href":"https:\/\/blogs.correiobraziliense.com.br\/vicente\/wp-json\/wp\/v2\/tags"}],"about":[{"href":"https:\/\/blogs.correiobraziliense.com.br\/vicente\/wp-json\/wp\/v2\/taxonomies\/post_tag"}],"wp:post_type":[{"href":"https:\/\/blogs.correiobraziliense.com.br\/vicente\/wp-json\/wp\/v2\/posts?tags=5525"}],"curies":[{"name":"wp","href":"https:\/\/api.w.org\/{rel}","templated":true}]}}