{"id":5469,"count":1,"description":"","link":"https:\/\/blogs.correiobraziliense.com.br\/vicente\/tag\/planos-de-saude-individuais-devem-ter-reducao-nas-mensalidades-ans-define-correcao-nesta-terca\/","name":"Planos de sa\u00fade individuais devem ter redu\u00e7\u00e3o nas mensalidades. ANS define corre\u00e7\u00e3o nesta ter\u00e7a","slug":"planos-de-saude-individuais-devem-ter-reducao-nas-mensalidades-ans-define-correcao-nesta-terca","taxonomy":"post_tag","meta":[],"_links":{"self":[{"href":"https:\/\/blogs.correiobraziliense.com.br\/vicente\/wp-json\/wp\/v2\/tags\/5469","targetHints":{"allow":["GET"]}}],"collection":[{"href":"https:\/\/blogs.correiobraziliense.com.br\/vicente\/wp-json\/wp\/v2\/tags"}],"about":[{"href":"https:\/\/blogs.correiobraziliense.com.br\/vicente\/wp-json\/wp\/v2\/taxonomies\/post_tag"}],"wp:post_type":[{"href":"https:\/\/blogs.correiobraziliense.com.br\/vicente\/wp-json\/wp\/v2\/posts?tags=5469"}],"curies":[{"name":"wp","href":"https:\/\/api.w.org\/{rel}","templated":true}]}}