{"id":5310,"count":1,"description":"","link":"https:\/\/blogs.correiobraziliense.com.br\/vicente\/tag\/braga-netto-se-reunira-com-comandantes-da-forcas-armadas-pujol-deve-deixar-o-exercito\/","name":"Braga Netto se reunir\u00e1 com comandantes da For\u00e7as Armadas. Pujol deve deixar o Ex\u00e9rcito","slug":"braga-netto-se-reunira-com-comandantes-da-forcas-armadas-pujol-deve-deixar-o-exercito","taxonomy":"post_tag","meta":[],"_links":{"self":[{"href":"https:\/\/blogs.correiobraziliense.com.br\/vicente\/wp-json\/wp\/v2\/tags\/5310","targetHints":{"allow":["GET"]}}],"collection":[{"href":"https:\/\/blogs.correiobraziliense.com.br\/vicente\/wp-json\/wp\/v2\/tags"}],"about":[{"href":"https:\/\/blogs.correiobraziliense.com.br\/vicente\/wp-json\/wp\/v2\/taxonomies\/post_tag"}],"wp:post_type":[{"href":"https:\/\/blogs.correiobraziliense.com.br\/vicente\/wp-json\/wp\/v2\/posts?tags=5310"}],"curies":[{"name":"wp","href":"https:\/\/api.w.org\/{rel}","templated":true}]}}