{"id":5291,"count":1,"description":"","link":"https:\/\/blogs.correiobraziliense.com.br\/vicente\/tag\/novo-presidente-do-bb-enterra-privatizacao-da-instituicao-e-deve-vetar-venda-da-bb-dtvm\/","name":"Novo presidente do BB enterra privatiza\u00e7\u00e3o da institui\u00e7\u00e3o e deve vetar venda da BB DTVM","slug":"novo-presidente-do-bb-enterra-privatizacao-da-instituicao-e-deve-vetar-venda-da-bb-dtvm","taxonomy":"post_tag","meta":[],"_links":{"self":[{"href":"https:\/\/blogs.correiobraziliense.com.br\/vicente\/wp-json\/wp\/v2\/tags\/5291","targetHints":{"allow":["GET"]}}],"collection":[{"href":"https:\/\/blogs.correiobraziliense.com.br\/vicente\/wp-json\/wp\/v2\/tags"}],"about":[{"href":"https:\/\/blogs.correiobraziliense.com.br\/vicente\/wp-json\/wp\/v2\/taxonomies\/post_tag"}],"wp:post_type":[{"href":"https:\/\/blogs.correiobraziliense.com.br\/vicente\/wp-json\/wp\/v2\/posts?tags=5291"}],"curies":[{"name":"wp","href":"https:\/\/api.w.org\/{rel}","templated":true}]}}