{"id":5273,"count":1,"description":"","link":"https:\/\/blogs.correiobraziliense.com.br\/vicente\/tag\/ministerio-publico-do-df-ferve-com-separacao-de-promotor-ex-dele-levou-ate-as-arvores-da-casa\/","name":"Minist\u00e9rio P\u00fablico do DF ferve com separa\u00e7\u00e3o de promotor: ex-dele levou at\u00e9 as \u00e1rvores da casa","slug":"ministerio-publico-do-df-ferve-com-separacao-de-promotor-ex-dele-levou-ate-as-arvores-da-casa","taxonomy":"post_tag","meta":[],"_links":{"self":[{"href":"https:\/\/blogs.correiobraziliense.com.br\/vicente\/wp-json\/wp\/v2\/tags\/5273","targetHints":{"allow":["GET"]}}],"collection":[{"href":"https:\/\/blogs.correiobraziliense.com.br\/vicente\/wp-json\/wp\/v2\/tags"}],"about":[{"href":"https:\/\/blogs.correiobraziliense.com.br\/vicente\/wp-json\/wp\/v2\/taxonomies\/post_tag"}],"wp:post_type":[{"href":"https:\/\/blogs.correiobraziliense.com.br\/vicente\/wp-json\/wp\/v2\/posts?tags=5273"}],"curies":[{"name":"wp","href":"https:\/\/api.w.org\/{rel}","templated":true}]}}