{"id":5267,"count":1,"description":"","link":"https:\/\/blogs.correiobraziliense.com.br\/vicente\/tag\/os-quatro-filhos-de-bolsonaro-estao-sob-investigacao-da-justica-e-da-pf\/","name":"Os quatro filhos de Bolsonaro est\u00e3o sob investiga\u00e7\u00e3o da Justi\u00e7a e da PF","slug":"os-quatro-filhos-de-bolsonaro-estao-sob-investigacao-da-justica-e-da-pf","taxonomy":"post_tag","meta":[],"_links":{"self":[{"href":"https:\/\/blogs.correiobraziliense.com.br\/vicente\/wp-json\/wp\/v2\/tags\/5267","targetHints":{"allow":["GET"]}}],"collection":[{"href":"https:\/\/blogs.correiobraziliense.com.br\/vicente\/wp-json\/wp\/v2\/tags"}],"about":[{"href":"https:\/\/blogs.correiobraziliense.com.br\/vicente\/wp-json\/wp\/v2\/taxonomies\/post_tag"}],"wp:post_type":[{"href":"https:\/\/blogs.correiobraziliense.com.br\/vicente\/wp-json\/wp\/v2\/posts?tags=5267"}],"curies":[{"name":"wp","href":"https:\/\/api.w.org\/{rel}","templated":true}]}}