{"id":5245,"count":1,"description":"","link":"https:\/\/blogs.correiobraziliense.com.br\/vicente\/tag\/hospital-das-forcas-armadas-tem-90-de-ocupacao-na-uti-e-contrata-conteiner-para-estocar-corpos\/","name":"Hospital das For\u00e7as Armadas tem 90% de ocupa\u00e7\u00e3o na UTI e contrata cont\u00eainer para estocar corpos","slug":"hospital-das-forcas-armadas-tem-90-de-ocupacao-na-uti-e-contrata-conteiner-para-estocar-corpos","taxonomy":"post_tag","meta":[],"_links":{"self":[{"href":"https:\/\/blogs.correiobraziliense.com.br\/vicente\/wp-json\/wp\/v2\/tags\/5245","targetHints":{"allow":["GET"]}}],"collection":[{"href":"https:\/\/blogs.correiobraziliense.com.br\/vicente\/wp-json\/wp\/v2\/tags"}],"about":[{"href":"https:\/\/blogs.correiobraziliense.com.br\/vicente\/wp-json\/wp\/v2\/taxonomies\/post_tag"}],"wp:post_type":[{"href":"https:\/\/blogs.correiobraziliense.com.br\/vicente\/wp-json\/wp\/v2\/posts?tags=5245"}],"curies":[{"name":"wp","href":"https:\/\/api.w.org\/{rel}","templated":true}]}}