{"id":5230,"count":1,"description":"","link":"https:\/\/blogs.correiobraziliense.com.br\/vicente\/tag\/castello-branco-da-tapa-na-cara-de-bolsonaro-e-reajusta-de-novo-precos-dos-combustiveis\/","name":"Castello Branco d\u00e1 tapa na cara de Bolsonaro e reajusta de novo pre\u00e7os dos combust\u00edveis","slug":"castello-branco-da-tapa-na-cara-de-bolsonaro-e-reajusta-de-novo-precos-dos-combustiveis","taxonomy":"post_tag","meta":[],"_links":{"self":[{"href":"https:\/\/blogs.correiobraziliense.com.br\/vicente\/wp-json\/wp\/v2\/tags\/5230","targetHints":{"allow":["GET"]}}],"collection":[{"href":"https:\/\/blogs.correiobraziliense.com.br\/vicente\/wp-json\/wp\/v2\/tags"}],"about":[{"href":"https:\/\/blogs.correiobraziliense.com.br\/vicente\/wp-json\/wp\/v2\/taxonomies\/post_tag"}],"wp:post_type":[{"href":"https:\/\/blogs.correiobraziliense.com.br\/vicente\/wp-json\/wp\/v2\/posts?tags=5230"}],"curies":[{"name":"wp","href":"https:\/\/api.w.org\/{rel}","templated":true}]}}