{"id":5145,"count":1,"description":"","link":"https:\/\/blogs.correiobraziliense.com.br\/vicente\/tag\/planalto-teve-acesso-antecipado-a-informacoes-sobre-demissoes-e-fechamento-de-agencias-do-bb\/","name":"Planalto teve acesso antecipado a informa\u00e7\u00f5es sobre demiss\u00f5es e fechamento de ag\u00eancias do BB","slug":"planalto-teve-acesso-antecipado-a-informacoes-sobre-demissoes-e-fechamento-de-agencias-do-bb","taxonomy":"post_tag","meta":[],"_links":{"self":[{"href":"https:\/\/blogs.correiobraziliense.com.br\/vicente\/wp-json\/wp\/v2\/tags\/5145","targetHints":{"allow":["GET"]}}],"collection":[{"href":"https:\/\/blogs.correiobraziliense.com.br\/vicente\/wp-json\/wp\/v2\/tags"}],"about":[{"href":"https:\/\/blogs.correiobraziliense.com.br\/vicente\/wp-json\/wp\/v2\/taxonomies\/post_tag"}],"wp:post_type":[{"href":"https:\/\/blogs.correiobraziliense.com.br\/vicente\/wp-json\/wp\/v2\/posts?tags=5145"}],"curies":[{"name":"wp","href":"https:\/\/api.w.org\/{rel}","templated":true}]}}