{"id":5084,"count":1,"description":"","link":"https:\/\/blogs.correiobraziliense.com.br\/vicente\/tag\/bolsonaro-nao-acredita-que-o-banco-central-aumentara-juros-tao-cedo\/","name":"Bolsonaro n\u00e3o acredita que o Banco Central aumentar\u00e1 juros t\u00e3o cedo","slug":"bolsonaro-nao-acredita-que-o-banco-central-aumentara-juros-tao-cedo","taxonomy":"post_tag","meta":[],"_links":{"self":[{"href":"https:\/\/blogs.correiobraziliense.com.br\/vicente\/wp-json\/wp\/v2\/tags\/5084","targetHints":{"allow":["GET"]}}],"collection":[{"href":"https:\/\/blogs.correiobraziliense.com.br\/vicente\/wp-json\/wp\/v2\/tags"}],"about":[{"href":"https:\/\/blogs.correiobraziliense.com.br\/vicente\/wp-json\/wp\/v2\/taxonomies\/post_tag"}],"wp:post_type":[{"href":"https:\/\/blogs.correiobraziliense.com.br\/vicente\/wp-json\/wp\/v2\/posts?tags=5084"}],"curies":[{"name":"wp","href":"https:\/\/api.w.org\/{rel}","templated":true}]}}