{"id":5012,"count":1,"description":"","link":"https:\/\/blogs.correiobraziliense.com.br\/vicente\/tag\/bolsonaro-quer-ser-o-primeiro-chefe-de-governo-estrangeiro-a-dar-parabens-a-trump-por-reeleicao\/","name":"Bolsonaro quer ser o primeiro chefe de governo estrangeiro a dar parab\u00e9ns a Trump por reelei\u00e7\u00e3o","slug":"bolsonaro-quer-ser-o-primeiro-chefe-de-governo-estrangeiro-a-dar-parabens-a-trump-por-reeleicao","taxonomy":"post_tag","meta":[],"_links":{"self":[{"href":"https:\/\/blogs.correiobraziliense.com.br\/vicente\/wp-json\/wp\/v2\/tags\/5012","targetHints":{"allow":["GET"]}}],"collection":[{"href":"https:\/\/blogs.correiobraziliense.com.br\/vicente\/wp-json\/wp\/v2\/tags"}],"about":[{"href":"https:\/\/blogs.correiobraziliense.com.br\/vicente\/wp-json\/wp\/v2\/taxonomies\/post_tag"}],"wp:post_type":[{"href":"https:\/\/blogs.correiobraziliense.com.br\/vicente\/wp-json\/wp\/v2\/posts?tags=5012"}],"curies":[{"name":"wp","href":"https:\/\/api.w.org\/{rel}","templated":true}]}}