{"id":3236,"count":1,"description":"","link":"https:\/\/blogs.correiobraziliense.com.br\/vicente\/tag\/ministerio-da-seguranca-publica\/","name":"Minist\u00e9rio da Seguran\u00e7a P\u00fablica","slug":"ministerio-da-seguranca-publica","taxonomy":"post_tag","meta":[],"_links":{"self":[{"href":"https:\/\/blogs.correiobraziliense.com.br\/vicente\/wp-json\/wp\/v2\/tags\/3236","targetHints":{"allow":["GET"]}}],"collection":[{"href":"https:\/\/blogs.correiobraziliense.com.br\/vicente\/wp-json\/wp\/v2\/tags"}],"about":[{"href":"https:\/\/blogs.correiobraziliense.com.br\/vicente\/wp-json\/wp\/v2\/taxonomies\/post_tag"}],"wp:post_type":[{"href":"https:\/\/blogs.correiobraziliense.com.br\/vicente\/wp-json\/wp\/v2\/posts?tags=3236"}],"curies":[{"name":"wp","href":"https:\/\/api.w.org\/{rel}","templated":true}]}}