{"id":1882,"count":1,"description":"","link":"https:\/\/blogs.correiobraziliense.com.br\/vicente\/tag\/secretaria-de-coordenacao-e-governanca-das-empresas-estatais\/","name":"Secretaria de Coordena\u00e7\u00e3o e Governan\u00e7a das Empresas Estatais","slug":"secretaria-de-coordenacao-e-governanca-das-empresas-estatais","taxonomy":"post_tag","meta":[],"_links":{"self":[{"href":"https:\/\/blogs.correiobraziliense.com.br\/vicente\/wp-json\/wp\/v2\/tags\/1882","targetHints":{"allow":["GET"]}}],"collection":[{"href":"https:\/\/blogs.correiobraziliense.com.br\/vicente\/wp-json\/wp\/v2\/tags"}],"about":[{"href":"https:\/\/blogs.correiobraziliense.com.br\/vicente\/wp-json\/wp\/v2\/taxonomies\/post_tag"}],"wp:post_type":[{"href":"https:\/\/blogs.correiobraziliense.com.br\/vicente\/wp-json\/wp\/v2\/posts?tags=1882"}],"curies":[{"name":"wp","href":"https:\/\/api.w.org\/{rel}","templated":true}]}}