{"id":9993,"date":"2019-02-12T16:01:39","date_gmt":"2019-02-12T18:01:39","guid":{"rendered":"https:\/\/blogs.correiobraziliense.com.br\/vicente\/?p=9993"},"modified":"2019-02-12T20:03:42","modified_gmt":"2019-02-12T22:03:42","slug":"bolsonaro-bate-martelo-sobre-idade-minima-para-previdencia-62-anos-homens-e-57-mulheres","status":"publish","type":"post","link":"https:\/\/blogs.correiobraziliense.com.br\/vicente\/bolsonaro-bate-martelo-sobre-idade-minima-para-previdencia-62-anos-homens-e-57-mulheres\/","title":{"rendered":"Bolsonaro bate martelo sobre idade m\u00ednima para Previd\u00eancia: 62 anos (homens) e 57 (mulheres)"},"content":{"rendered":"<h2>Apesar de todos os argumentos da equipe econ\u00f4mica, o presidente Jair Bolsonaro decidiu que a proposta de reforma da Previd\u00eancia, que ser\u00e1 encaminhada nos pr\u00f3ximos dias ao Congresso, ter\u00e1 idade m\u00ednima de 57 anos para mulheres e de 62 anos para homens.<\/h2>\n<p>&nbsp;<\/p>\n<p><a href=\"https:\/\/blogs.correiobraziliense.com.br\/vicente\/wp-content\/uploads\/sites\/16\/2019\/01\/PauloGuedes.jpg\"><img loading=\"lazy\" decoding=\"async\" class=\"wp-image-9817 alignleft\" src=\"https:\/\/blogs.correiobraziliense.com.br\/vicente\/wp-content\/uploads\/sites\/16\/2019\/01\/PauloGuedes.jpg\" alt=\"\" width=\"286\" height=\"192\" \/><\/a><\/p>\n<p>Na avalia\u00e7\u00e3o do presidente, n\u00e3o h\u00e1 porque ser t\u00e3o radical na reforma, sobretudo de for levado em considera\u00e7\u00e3o as disparidades regionais no pa\u00eds. Nos estados mais pobres, como o Piau\u00ed, a expectativa de vida dos trabalhadores n\u00e3o chega aos 70 anos.<\/p>\n<p>&nbsp;<\/p>\n<p>Com isso, a economia prevista pelo governo com a reforma dever\u00e1 ficar mais pr\u00f3xima de R$ 500 bilh\u00f5es em 10 anos, metade do previsto pela equipe do ministro da Economia, Paulo Guedes (<strong>foto<\/strong>), de\u00a0 R$ 1 trilh\u00e3o em 10 anos. Essa economia de R$ 500 bilh\u00f5es \u00e9 a mesma prevista pelo Citi e pela consultoria Eurasia.<\/p>\n<p>&nbsp;<\/p>\n<p>Bolsonaro tem todo o apoio da ala pol\u00edtica do Pal\u00e1cio do Planalto, que considera esse projeto mais palat\u00e1vel. N\u00e3o custa lembrar que essas idades m\u00ednimas j\u00e1 haviam sido citadas por Bolsonaro durante entrevista ao SBT, mas logo depois tudo foi negado pelo Planalto a pedido da equipe econ\u00f4mica.<\/p>\n<p>&nbsp;<\/p>\n<p>Ao <strong>Blog<\/strong>, um integrante da equipe econ\u00f4mica afirma que o presidente est\u00e1 irredut\u00edvel em rela\u00e7\u00e3o \u00e0 idade m\u00ednima. O que ele aceita negociar \u00e9 o prazo de transi\u00e7\u00e3o. Nesse caso, deve prevalecer a posi\u00e7\u00e3o de Paulo Guedes de que a idade m\u00ednima de 57 (mulheres) e 62 (homens) seja atingida em 2022.<\/p>\n<p>&nbsp;<\/p>\n<p>Esse tempo mais curto de transi\u00e7\u00e3o, diz o mesmo t\u00e9cnico, garantir\u00e1 uma economia maior. &#8220;N\u00e3o sei se ser\u00e1 poss\u00edvel chegar ao R$ 1 trilh\u00e3o previsto pelo ministro, mas tamb\u00e9m n\u00e3o ser\u00e3o R$ 500 bilh\u00f5es. A economia ser\u00e1 maior do que isso&#8221;, ressalta.<\/p>\n<p>&nbsp;<\/p>\n<p>Apesar de v\u00e1rios integrantes do governo dizerem que Bolsonaro ainda n\u00e3o viu o projeto de reforma da Previd\u00eancia, o grosso das propostas j\u00e1 foi apresentado a ele. &#8220;A linha principal do projeto que ir\u00e1 para o Congresso j\u00e1 tem o aval do presidente&#8221;, garante o t\u00e9cnico da equipe econ\u00f4mica.<\/p>\n<p>&nbsp;<\/p>\n<p><em>Bras\u00edlia, 16h01min, atualizada \u00e0s 19h10min<\/em><\/p>\n","protected":false},"excerpt":{"rendered":"<p>Apesar de todos os argumentos da equipe econ\u00f4mica, o presidente Jair Bolsonaro decidiu que a proposta de reforma da Previd\u00eancia, que ser\u00e1 encaminhada nos pr\u00f3ximos dias ao Congresso, ter\u00e1 idade m\u00ednima de 57 anos para mulheres e de 62 anos para homens. &nbsp; Na avalia\u00e7\u00e3o do presidente, n\u00e3o h\u00e1 porque ser t\u00e3o radical na reforma, [&hellip;]<\/p>\n","protected":false},"author":22,"featured_media":0,"comment_status":"open","ping_status":"closed","sticky":false,"template":"","format":"standard","meta":{"footnotes":""},"categories":[600],"tags":[],"class_list":["post-9993","post","type-post","status-publish","format-standard","hentry","category-economia"],"_links":{"self":[{"href":"https:\/\/blogs.correiobraziliense.com.br\/vicente\/wp-json\/wp\/v2\/posts\/9993","targetHints":{"allow":["GET"]}}],"collection":[{"href":"https:\/\/blogs.correiobraziliense.com.br\/vicente\/wp-json\/wp\/v2\/posts"}],"about":[{"href":"https:\/\/blogs.correiobraziliense.com.br\/vicente\/wp-json\/wp\/v2\/types\/post"}],"author":[{"embeddable":true,"href":"https:\/\/blogs.correiobraziliense.com.br\/vicente\/wp-json\/wp\/v2\/users\/22"}],"replies":[{"embeddable":true,"href":"https:\/\/blogs.correiobraziliense.com.br\/vicente\/wp-json\/wp\/v2\/comments?post=9993"}],"version-history":[{"count":13,"href":"https:\/\/blogs.correiobraziliense.com.br\/vicente\/wp-json\/wp\/v2\/posts\/9993\/revisions"}],"predecessor-version":[{"id":10006,"href":"https:\/\/blogs.correiobraziliense.com.br\/vicente\/wp-json\/wp\/v2\/posts\/9993\/revisions\/10006"}],"wp:attachment":[{"href":"https:\/\/blogs.correiobraziliense.com.br\/vicente\/wp-json\/wp\/v2\/media?parent=9993"}],"wp:term":[{"taxonomy":"category","embeddable":true,"href":"https:\/\/blogs.correiobraziliense.com.br\/vicente\/wp-json\/wp\/v2\/categories?post=9993"},{"taxonomy":"post_tag","embeddable":true,"href":"https:\/\/blogs.correiobraziliense.com.br\/vicente\/wp-json\/wp\/v2\/tags?post=9993"}],"curies":[{"name":"wp","href":"https:\/\/api.w.org\/{rel}","templated":true}]}}