{"id":9985,"date":"2019-02-12T13:24:48","date_gmt":"2019-02-12T15:24:48","guid":{"rendered":"https:\/\/blogs.correiobraziliense.com.br\/vicente\/?p=9985"},"modified":"2019-02-12T13:35:46","modified_gmt":"2019-02-12T15:35:46","slug":"reforma-esta-bem-diferente-da-minuta-que-foi-vazada-diz-marinho","status":"publish","type":"post","link":"https:\/\/blogs.correiobraziliense.com.br\/vicente\/reforma-esta-bem-diferente-da-minuta-que-foi-vazada-diz-marinho\/","title":{"rendered":"Reforma est\u00e1 \u201cbem diferente\u201d da minuta que foi vazada, diz Marinho"},"content":{"rendered":"<h2>HAMILTON FERRARI<\/h2>\n<h2>O secret\u00e1rio de Previd\u00eancia e Trabalho do Minist\u00e9rio da Economia, Rog\u00e9rio Marinho, disse, na tarde desta ter\u00e7a-feira (12\/2), que a reforma da Previd\u00eancia foi conclu\u00edda e est\u00e1 \u201cbem diferente\u201d da minuta que foi vazada no in\u00edcio deste m\u00eas. Ele se reuniu com o ministro Paulo Guedes para apresentar o texto.<\/h2>\n<h2><\/h2>\n<p>Segundo Marinho, com a proposta pronta, ela ser\u00e1 apresentada ao presidente da Rep\u00fablica, Jair Bolsonaro, que tem previs\u00e3o de ter alta nesta quarta-feira (12\/2). O secret\u00e1rio disse que o texto ser\u00e1 avaliado \u201cimediatamente\u201d, assim que houver disponibilidade do presidente \u2014 &#8220;amanh\u00e3 ou quinta-feira&#8221;. \u00c0 C\u00e2mara dos Deputados e \u00e0 sociedade, ele ressaltou que ser\u00e1 divulgada o \u201cmais r\u00e1pido poss\u00edvel\u201d.<\/p>\n<p>&nbsp;<\/p>\n<p>\u201cE agora n\u00f3s vamos aguardar a coalesc\u00eancia do presidente para que ele possa opinar sobre o texto em definitivo que ser\u00e1 enviado ao Congresso Nacional\u201d, disse. \u201cEvidentemente, existem pontos que ser\u00e3o levados ao presidente para que ele possa tomar a sua posi\u00e7\u00e3o e definir como chegar\u00e1 \u00e0 C\u00e2mara Federal\u201d, completou.<\/p>\n<p>&nbsp;<\/p>\n<p>O secret\u00e1rio n\u00e3o ressaltou, por\u00e9m, quais seriam os pontos que ainda precisam ser definidos. A idade m\u00ednima e o tempo de transi\u00e7\u00e3o devem ser temas que caber\u00e1 ao presidente avaliar. \u201cNossa posi\u00e7\u00e3o \u00e9 fazer o que fizemos. N\u00f3s passamos um pouco mais de 50 dias debru\u00e7ados sobre o tema. Ou seja, desde o dia 12 ou 13 de dezembro passado. Esse fim de semana tamb\u00e9m trabalhamos, ontem a noite. Enfim, conclu\u00edmos ap\u00f3s v\u00e1rias consultas um texto base, que passou, inclusive, por avalia\u00e7\u00e3o da Casa Civil, de Cidadania, Agricultura, v\u00e1rias secretarias do Minist\u00e9rio da Economia. Recebemos contribui\u00e7\u00f5es de economistas de todo o pa\u00eds\u201d, afirmou.<\/p>\n<p>&nbsp;<\/p>\n<p>De acordo com a minuta que foi vazada \u00e0 imprensa, no in\u00edcio deste m\u00eas, a\u00a0idade m\u00ednima para se aposentar seria a mesma entre homens e mulheres, com 65 anos. Marinho n\u00e3o quis revelar se no texto que ser\u00e1 apresentado ao presidente haver\u00e1 igualdade entre os g\u00eaneros.<\/p>\n<p>&nbsp;<\/p>\n<p>O projeto que foi vazado tamb\u00e9m aumentava de 15 para 20 anos o tempo de contribui\u00e7\u00e3o.<\/p>\n<p>&nbsp;<\/p>\n<p>O secret\u00e1rio ressaltou ainda que a equipe levou em conta o texto que j\u00e1 existe na C\u00e2mara, enviado pelo governo Michel Temer em 2017. N\u00e3o revelou, por\u00e9m, se a equipe econ\u00f4mica pretende utilizar o dispositivo. \u201cTentamos apresentar um projeto que representa, ao mesmo tempo, a m\u00e9dia do sentimento de todos aqueles que contribu\u00edram para esse processo, mas ao mesmo tempo, sobre a determina\u00e7\u00e3o do presidente que seja um projeto que tenha justi\u00e7a, equidade e tamb\u00e9m um impacto fiscal que permite que o pa\u00eds volte a crescer e gerar empregos\u201d, ressaltou.<\/p>\n<p>&nbsp;<\/p>\n<p>Marinho declarou que Bolsonaro tem autoridade para tomar decis\u00f5es que achar conveniente para apresentar a proposta que seja &#8220;confort\u00e1vel&#8221; para ele como presidente da Rep\u00fablica.<\/p>\n<p>&nbsp;<\/p>\n<p><em>Bras\u00edlia, 13h19min<\/em><\/p>\n","protected":false},"excerpt":{"rendered":"<p>HAMILTON FERRARI O secret\u00e1rio de Previd\u00eancia e Trabalho do Minist\u00e9rio da Economia, Rog\u00e9rio Marinho, disse, na tarde desta ter\u00e7a-feira (12\/2), que a reforma da Previd\u00eancia foi conclu\u00edda e est\u00e1 \u201cbem diferente\u201d da minuta que foi vazada no in\u00edcio deste m\u00eas. Ele se reuniu com o ministro Paulo Guedes para apresentar o texto. Segundo Marinho, com [&hellip;]<\/p>\n","protected":false},"author":22,"featured_media":0,"comment_status":"open","ping_status":"closed","sticky":false,"template":"","format":"standard","meta":{"footnotes":""},"categories":[600],"tags":[2554,3693,3694,429,614,3695],"class_list":["post-9985","post","type-post","status-publish","format-standard","hentry","category-economia","tag-bolsonaro","tag-marinho","tag-minuta","tag-previdencia","tag-reforma","tag-texto"],"_links":{"self":[{"href":"https:\/\/blogs.correiobraziliense.com.br\/vicente\/wp-json\/wp\/v2\/posts\/9985","targetHints":{"allow":["GET"]}}],"collection":[{"href":"https:\/\/blogs.correiobraziliense.com.br\/vicente\/wp-json\/wp\/v2\/posts"}],"about":[{"href":"https:\/\/blogs.correiobraziliense.com.br\/vicente\/wp-json\/wp\/v2\/types\/post"}],"author":[{"embeddable":true,"href":"https:\/\/blogs.correiobraziliense.com.br\/vicente\/wp-json\/wp\/v2\/users\/22"}],"replies":[{"embeddable":true,"href":"https:\/\/blogs.correiobraziliense.com.br\/vicente\/wp-json\/wp\/v2\/comments?post=9985"}],"version-history":[{"count":7,"href":"https:\/\/blogs.correiobraziliense.com.br\/vicente\/wp-json\/wp\/v2\/posts\/9985\/revisions"}],"predecessor-version":[{"id":9992,"href":"https:\/\/blogs.correiobraziliense.com.br\/vicente\/wp-json\/wp\/v2\/posts\/9985\/revisions\/9992"}],"wp:attachment":[{"href":"https:\/\/blogs.correiobraziliense.com.br\/vicente\/wp-json\/wp\/v2\/media?parent=9985"}],"wp:term":[{"taxonomy":"category","embeddable":true,"href":"https:\/\/blogs.correiobraziliense.com.br\/vicente\/wp-json\/wp\/v2\/categories?post=9985"},{"taxonomy":"post_tag","embeddable":true,"href":"https:\/\/blogs.correiobraziliense.com.br\/vicente\/wp-json\/wp\/v2\/tags?post=9985"}],"curies":[{"name":"wp","href":"https:\/\/api.w.org\/{rel}","templated":true}]}}