{"id":9982,"date":"2019-02-11T19:50:37","date_gmt":"2019-02-11T21:50:37","guid":{"rendered":"https:\/\/blogs.correiobraziliense.com.br\/vicente\/?p=9982"},"modified":"2019-02-11T19:59:06","modified_gmt":"2019-02-11T21:59:06","slug":"tst-funcionarios-de-estatais-nao-podem-fazer-greve-contra-privatizacao","status":"publish","type":"post","link":"https:\/\/blogs.correiobraziliense.com.br\/vicente\/tst-funcionarios-de-estatais-nao-podem-fazer-greve-contra-privatizacao\/","title":{"rendered":"TST: funcion\u00e1rios de estatais n\u00e3o podem fazer greve contra privatiza\u00e7\u00e3o"},"content":{"rendered":"<h2>HAMILTON FERRARI<\/h2>\n<h2>Uma decis\u00e3o do Tribunal Superior do Trabalho (TST) entendeu que greves contra a privatiza\u00e7\u00e3o de estatais \u00e9 abusiva. Ou seja, a decis\u00e3o desta segunda-feira (11\/2) impede trabalhadores de protestar contra a venda de empresas do setor p\u00fablico \u00e0 iniciativa privada.<\/h2>\n<p>&nbsp;<\/p>\n<p>Os ministros avaliaram o caso de uma paralisa\u00e7\u00e3o de funcion\u00e1rios da Eletrobras, ocorrida em junho do ano passado. O governo de Michel Temer anunciou que tinha a inten\u00e7\u00e3o de vender a estatal, levando a discuss\u00e3o, inclusive, para o Congresso Nacional. A desestatiza\u00e7\u00e3o n\u00e3o foi concretizada.<\/p>\n<p>&nbsp;<\/p>\n<p>Pelo entendimento da Corte, caso os trabalhadores de estatais fa\u00e7am greve, eles poder\u00e3o ter os sal\u00e1rios descontados. Os magistrados avaliaram por quatro votos a dois que a greve n\u00e3o pode ter objetivos pol\u00edticos, apenas causas trabalhistas.<\/p>\n<p>&nbsp;<\/p>\n<p>Apoiaram a tese os ministros Ives Gandra, Renato Lacerda Paiva, Aloysio Corr\u00eaa e Dora Maria da Costa. O relator Maur\u00edcio Godinho e a ministra K\u00e1tia Arruda discordaram. Segundo eles, a greves contra as privatiza\u00e7\u00f5es podem ocorrer pela manuten\u00e7\u00e3o de empregos.<\/p>\n<p>&nbsp;<\/p>\n<p>O ministro da Economia, Paulo Guedes, tamb\u00e9m tem a inten\u00e7\u00e3o de vender empresas p\u00fablicas, incluindo a estatal de energia. O pr\u00f3prio secret\u00e1rio de Privatiza\u00e7\u00f5es da pasta, Salim Mattar, afirmou que pretende ofertar todas \u00e0 iniciativa privada, com exce\u00e7\u00e3o da Petrobras, do Banco do Brasil e Caixa Econ\u00f4mica Federal (CEF).<\/p>\n<p>&nbsp;<\/p>\n<p>No caso da Eletrobras, a greve poderia ocasionar o desabastecimento de energia em todo o pa\u00eds.<\/p>\n<p>&nbsp;<\/p>\n<p><em>Bras\u00edlia, 19h45min<\/em><\/p>\n","protected":false},"excerpt":{"rendered":"<p>HAMILTON FERRARI Uma decis\u00e3o do Tribunal Superior do Trabalho (TST) entendeu que greves contra a privatiza\u00e7\u00e3o de estatais \u00e9 abusiva. Ou seja, a decis\u00e3o desta segunda-feira (11\/2) impede trabalhadores de protestar contra a venda de empresas do setor p\u00fablico \u00e0 iniciativa privada. &nbsp; Os ministros avaliaram o caso de uma paralisa\u00e7\u00e3o de funcion\u00e1rios da Eletrobras, [&hellip;]<\/p>\n","protected":false},"author":22,"featured_media":0,"comment_status":"open","ping_status":"closed","sticky":false,"template":"","format":"standard","meta":{"footnotes":""},"categories":[600],"tags":[177,347,3692,2399],"class_list":["post-9982","post","type-post","status-publish","format-standard","hentry","category-economia","tag-estatais","tag-greve","tag-privatizacoes","tag-tst"],"_links":{"self":[{"href":"https:\/\/blogs.correiobraziliense.com.br\/vicente\/wp-json\/wp\/v2\/posts\/9982","targetHints":{"allow":["GET"]}}],"collection":[{"href":"https:\/\/blogs.correiobraziliense.com.br\/vicente\/wp-json\/wp\/v2\/posts"}],"about":[{"href":"https:\/\/blogs.correiobraziliense.com.br\/vicente\/wp-json\/wp\/v2\/types\/post"}],"author":[{"embeddable":true,"href":"https:\/\/blogs.correiobraziliense.com.br\/vicente\/wp-json\/wp\/v2\/users\/22"}],"replies":[{"embeddable":true,"href":"https:\/\/blogs.correiobraziliense.com.br\/vicente\/wp-json\/wp\/v2\/comments?post=9982"}],"version-history":[{"count":2,"href":"https:\/\/blogs.correiobraziliense.com.br\/vicente\/wp-json\/wp\/v2\/posts\/9982\/revisions"}],"predecessor-version":[{"id":9984,"href":"https:\/\/blogs.correiobraziliense.com.br\/vicente\/wp-json\/wp\/v2\/posts\/9982\/revisions\/9984"}],"wp:attachment":[{"href":"https:\/\/blogs.correiobraziliense.com.br\/vicente\/wp-json\/wp\/v2\/media?parent=9982"}],"wp:term":[{"taxonomy":"category","embeddable":true,"href":"https:\/\/blogs.correiobraziliense.com.br\/vicente\/wp-json\/wp\/v2\/categories?post=9982"},{"taxonomy":"post_tag","embeddable":true,"href":"https:\/\/blogs.correiobraziliense.com.br\/vicente\/wp-json\/wp\/v2\/tags?post=9982"}],"curies":[{"name":"wp","href":"https:\/\/api.w.org\/{rel}","templated":true}]}}