{"id":9974,"date":"2019-02-07T17:37:02","date_gmt":"2019-02-07T19:37:02","guid":{"rendered":"https:\/\/blogs.correiobraziliense.com.br\/vicente\/?p=9974"},"modified":"2019-02-07T18:01:46","modified_gmt":"2019-02-07T20:01:46","slug":"mercado-esta-precificando-a-saude-de-bolsonaro-na-bolsa-e-no-dolar","status":"publish","type":"post","link":"https:\/\/blogs.correiobraziliense.com.br\/vicente\/mercado-esta-precificando-a-saude-de-bolsonaro-na-bolsa-e-no-dolar\/","title":{"rendered":"Mercado est\u00e1 precificando a sa\u00fade de Bolsonaro na Bolsa e no d\u00f3lar"},"content":{"rendered":"<h2>Os investidores n\u00e3o perdem tempo. Desconfiados em rela\u00e7\u00e3o \u00e0 sa\u00fade do presidente Jair Bolsonaro, que voltou a ter febre e pode estar com pneumonia, eles passaram a precificar esse fato nos pre\u00e7os das a\u00e7\u00f5es negociadas na Bolsa de Valores de S\u00e3o Paulo (B3) e nas cota\u00e7\u00f5es do d\u00f3lar.<\/h2>\n<p>&nbsp;<\/p>\n<p><a href=\"https:\/\/blogs.correiobraziliense.com.br\/vicente\/wp-content\/uploads\/sites\/16\/2019\/02\/BolsonaroFebre.jpg\"><img loading=\"lazy\" decoding=\"async\" class=\"wp-image-9980 alignleft\" src=\"https:\/\/blogs.correiobraziliense.com.br\/vicente\/wp-content\/uploads\/sites\/16\/2019\/02\/BolsonaroFebre.jpg\" alt=\"\" width=\"428\" height=\"648\" srcset=\"https:\/\/blogs.correiobraziliense.com.br\/vicente\/wp-content\/uploads\/sites\/16\/2019\/02\/BolsonaroFebre.jpg 472w, https:\/\/blogs.correiobraziliense.com.br\/vicente\/wp-content\/uploads\/sites\/16\/2019\/02\/BolsonaroFebre-198x300.jpg 198w, https:\/\/blogs.correiobraziliense.com.br\/vicente\/wp-content\/uploads\/sites\/16\/2019\/02\/BolsonaroFebre-231x350.jpg 231w, https:\/\/blogs.correiobraziliense.com.br\/vicente\/wp-content\/uploads\/sites\/16\/2019\/02\/BolsonaroFebre-230x348.jpg 230w\" sizes=\"auto, (max-width: 428px) 100vw, 428px\" \/><\/a>Na vis\u00e3o dos investidores, quanto mais Bolsonaro demorar para se restabelecer, maior ser\u00e1 a demora para a defini\u00e7\u00e3o do projeto sobre a reforma da Previd\u00eancia Social que ser\u00e1 encaminhado ao Congresso. A \u00faltima palavra ser\u00e1 do presidente, como j\u00e1 foi ressaltado diversas vezes.<\/p>\n<p>&nbsp;<\/p>\n<p>O que mais preocupa os investidores \u00e9 que, com Bolsonaro impossibilitado de bater o martelo, os ru\u00eddos em torno da reforma ser\u00e3o grandes. Desde a semana passada, a equipe econ\u00f4mica e a ala pol\u00edtica do Pal\u00e1cio do Planalto v\u00eam batendo cabe\u00e7a, deixando os donos do dinheiro perdidos.<\/p>\n<p>&nbsp;<\/p>\n<p>A desconfian\u00e7a dos investidores em rela\u00e7\u00e3o \u00e0 sa\u00fade de Bolsonaro se refletiu em alta do d\u00f3lar, que cravou os R$ 3,72, com valoriza\u00e7\u00e3o de 0,24%. Pouco antes do fechamento, a Bolsa ca\u00eda 0,55%, para os 94.114 pontos. Na v\u00e9spera, por conta dos ru\u00eddos na Previd\u00eancia, o Ibovespa, principal \u00edndice de lucratividade do preg\u00e3o paulista, havia desabado quase 4%.<\/p>\n<p>&nbsp;<\/p>\n<p>Esse comportamento do mercado n\u00e3o surpreende o economista Armando Castelar, do Instituto Brasileiro de Economia (Ibre) da Funda\u00e7\u00e3o Get\u00falio Vargas (FGV). Na ter\u00e7a-feira, em semin\u00e1rio no <strong>Correio<\/strong>, ele afirmou que qualquer malentendido na Previd\u00eancia afetaria os pre\u00e7os dos ativos. \u00c9 o que se est\u00e1 vendo.<\/p>\n<p>&nbsp;<\/p>\n<p><em>Bras\u00edlia, 17h37min<\/em><\/p>\n<p>&nbsp;<\/p>\n<p>&nbsp;<\/p>\n<p><strong>Foto:<\/strong> Presid\u00eancia\/ Divulga\u00e7\u00e3o<\/p>\n","protected":false},"excerpt":{"rendered":"<p>Os investidores n\u00e3o perdem tempo. Desconfiados em rela\u00e7\u00e3o \u00e0 sa\u00fade do presidente Jair Bolsonaro, que voltou a ter febre e pode estar com pneumonia, eles passaram a precificar esse fato nos pre\u00e7os das a\u00e7\u00f5es negociadas na Bolsa de Valores de S\u00e3o Paulo (B3) e nas cota\u00e7\u00f5es do d\u00f3lar. &nbsp; Na vis\u00e3o dos investidores, quanto mais [&hellip;]<\/p>\n","protected":false},"author":22,"featured_media":0,"comment_status":"open","ping_status":"closed","sticky":false,"template":"","format":"standard","meta":{"footnotes":""},"categories":[600],"tags":[2393,2554,343,3690,3691,579],"class_list":["post-9974","post","type-post","status-publish","format-standard","hentry","category-economia","tag-bolsa","tag-bolsonaro","tag-dolar","tag-febre","tag-pneumonia","tag-saude"],"_links":{"self":[{"href":"https:\/\/blogs.correiobraziliense.com.br\/vicente\/wp-json\/wp\/v2\/posts\/9974","targetHints":{"allow":["GET"]}}],"collection":[{"href":"https:\/\/blogs.correiobraziliense.com.br\/vicente\/wp-json\/wp\/v2\/posts"}],"about":[{"href":"https:\/\/blogs.correiobraziliense.com.br\/vicente\/wp-json\/wp\/v2\/types\/post"}],"author":[{"embeddable":true,"href":"https:\/\/blogs.correiobraziliense.com.br\/vicente\/wp-json\/wp\/v2\/users\/22"}],"replies":[{"embeddable":true,"href":"https:\/\/blogs.correiobraziliense.com.br\/vicente\/wp-json\/wp\/v2\/comments?post=9974"}],"version-history":[{"count":6,"href":"https:\/\/blogs.correiobraziliense.com.br\/vicente\/wp-json\/wp\/v2\/posts\/9974\/revisions"}],"predecessor-version":[{"id":9981,"href":"https:\/\/blogs.correiobraziliense.com.br\/vicente\/wp-json\/wp\/v2\/posts\/9974\/revisions\/9981"}],"wp:attachment":[{"href":"https:\/\/blogs.correiobraziliense.com.br\/vicente\/wp-json\/wp\/v2\/media?parent=9974"}],"wp:term":[{"taxonomy":"category","embeddable":true,"href":"https:\/\/blogs.correiobraziliense.com.br\/vicente\/wp-json\/wp\/v2\/categories?post=9974"},{"taxonomy":"post_tag","embeddable":true,"href":"https:\/\/blogs.correiobraziliense.com.br\/vicente\/wp-json\/wp\/v2\/tags?post=9974"}],"curies":[{"name":"wp","href":"https:\/\/api.w.org\/{rel}","templated":true}]}}