{"id":9964,"date":"2019-02-07T09:43:15","date_gmt":"2019-02-07T11:43:15","guid":{"rendered":"https:\/\/blogs.correiobraziliense.com.br\/vicente\/?p=9964"},"modified":"2019-02-07T17:36:33","modified_gmt":"2019-02-07T19:36:33","slug":"exoneracao-em-31-de-fevereiro-no-meio-ambiente-isso-vale-ministro","status":"publish","type":"post","link":"https:\/\/blogs.correiobraziliense.com.br\/vicente\/exoneracao-em-31-de-fevereiro-no-meio-ambiente-isso-vale-ministro\/","title":{"rendered":"Exonera\u00e7\u00e3o em 31 de fevereiro no Meio Ambiente. Isso vale, ministro?"},"content":{"rendered":"<p>A desorganiza\u00e7\u00e3o no governo federal ainda \u00e9 grande. Um exemplo claro \u00e9 a falta de controle nas informa\u00e7\u00f5es que s\u00e3o publicadas no Di\u00e1rio Oficial da Uni\u00e3o. H\u00e1 portarias com data de 31 de fevereiro.<\/p>\n<p>&nbsp;<\/p>\n<p><a href=\"https:\/\/blogs.correiobraziliense.com.br\/vicente\/wp-content\/uploads\/sites\/16\/2019\/02\/MeioAmbiente.png\"><img loading=\"lazy\" decoding=\"async\" class=\"wp-image-9965 aligncenter\" src=\"https:\/\/blogs.correiobraziliense.com.br\/vicente\/wp-content\/uploads\/sites\/16\/2019\/02\/MeioAmbiente-1024x565.png\" alt=\"\" width=\"767\" height=\"423\" srcset=\"https:\/\/blogs.correiobraziliense.com.br\/vicente\/wp-content\/uploads\/sites\/16\/2019\/02\/MeioAmbiente-1024x565.png 1024w, https:\/\/blogs.correiobraziliense.com.br\/vicente\/wp-content\/uploads\/sites\/16\/2019\/02\/MeioAmbiente-300x166.png 300w, https:\/\/blogs.correiobraziliense.com.br\/vicente\/wp-content\/uploads\/sites\/16\/2019\/02\/MeioAmbiente-768x424.png 768w, https:\/\/blogs.correiobraziliense.com.br\/vicente\/wp-content\/uploads\/sites\/16\/2019\/02\/MeioAmbiente-350x193.png 350w, https:\/\/blogs.correiobraziliense.com.br\/vicente\/wp-content\/uploads\/sites\/16\/2019\/02\/MeioAmbiente-550x303.png 550w, https:\/\/blogs.correiobraziliense.com.br\/vicente\/wp-content\/uploads\/sites\/16\/2019\/02\/MeioAmbiente-230x127.png 230w, https:\/\/blogs.correiobraziliense.com.br\/vicente\/wp-content\/uploads\/sites\/16\/2019\/02\/MeioAmbiente.png 1245w\" sizes=\"auto, (max-width: 767px) 100vw, 767px\" \/><\/a><\/p>\n<p>Numa delas, a Portaria n\u00ba 56, o ministro do Meio Ambiente, Ricardo Salles, &#8220;no uso de suas atribui\u00e7\u00f5es&#8221;, exonera Mauro Oliveira Pires e Leonardo Marques Pacheco dos cargos, respectivamente, de diretor e de coordenador Nacional do Programa de Pagamentos por Servi\u00e7os Ambientais com inclus\u00e3o social.<\/p>\n<p>&nbsp;<\/p>\n<p>O ministro ressalta:\u00a0 &#8220;Esta Portaria entra em vigor na data de sua publica\u00e7\u00e3o&#8221;. O problema \u00e9 que a portaria, como mostra a reprodu\u00e7\u00e3o acima, \u00e9 de 31 de fevereiro de 2019. Ou seja, de um dia que n\u00e3o existe.<\/p>\n<p>&nbsp;<\/p>\n<p>A pergunta que n\u00e3o quer calar: os dois exonerados est\u00e3o exonerados ou continuam nos cargos, uma vez que a Portaria n\u00ba 56 \u00e9 de um dia fict\u00edcio?<\/p>\n<p>&nbsp;<\/p>\n<p><strong>Outro lado<\/strong><\/p>\n<p>&nbsp;<\/p>\n<p>O Minist\u00e9rio do Meio Ambiente informou ao <strong>Blog<\/strong> que a Portaria n\u00ba 56 ser\u00e1 republicada na edi\u00e7\u00e3o desta sexta-feira, 8 de fevereiro, do Di\u00e1rio Oficial, com data retroativa a 31 de janeiro. As exonera\u00e7\u00f5es de Mauro Pires e de Leonardo Pacheco est\u00e3o mantidas.<\/p>\n<p>&nbsp;<\/p>\n<p><em>Bras\u00edlia, 09h43min<\/em><\/p>\n<p>&nbsp;<\/p>\n<p>&nbsp;<\/p>\n","protected":false},"excerpt":{"rendered":"<p>A desorganiza\u00e7\u00e3o no governo federal ainda \u00e9 grande. Um exemplo claro \u00e9 a falta de controle nas informa\u00e7\u00f5es que s\u00e3o publicadas no Di\u00e1rio Oficial da Uni\u00e3o. H\u00e1 portarias com data de 31 de fevereiro. &nbsp; Numa delas, a Portaria n\u00ba 56, o ministro do Meio Ambiente, Ricardo Salles, &#8220;no uso de suas atribui\u00e7\u00f5es&#8221;, exonera Mauro [&hellip;]<\/p>\n","protected":false},"author":22,"featured_media":9968,"comment_status":"open","ping_status":"closed","sticky":false,"template":"","format":"standard","meta":{"footnotes":""},"categories":[600],"tags":[3689,569,460,2827],"class_list":["post-9964","post","type-post","status-publish","format-standard","has-post-thumbnail","hentry","category-economia","tag-31-de-fevereiro","tag-exoneracao","tag-meio-ambiente","tag-portaria"],"_links":{"self":[{"href":"https:\/\/blogs.correiobraziliense.com.br\/vicente\/wp-json\/wp\/v2\/posts\/9964","targetHints":{"allow":["GET"]}}],"collection":[{"href":"https:\/\/blogs.correiobraziliense.com.br\/vicente\/wp-json\/wp\/v2\/posts"}],"about":[{"href":"https:\/\/blogs.correiobraziliense.com.br\/vicente\/wp-json\/wp\/v2\/types\/post"}],"author":[{"embeddable":true,"href":"https:\/\/blogs.correiobraziliense.com.br\/vicente\/wp-json\/wp\/v2\/users\/22"}],"replies":[{"embeddable":true,"href":"https:\/\/blogs.correiobraziliense.com.br\/vicente\/wp-json\/wp\/v2\/comments?post=9964"}],"version-history":[{"count":6,"href":"https:\/\/blogs.correiobraziliense.com.br\/vicente\/wp-json\/wp\/v2\/posts\/9964\/revisions"}],"predecessor-version":[{"id":9973,"href":"https:\/\/blogs.correiobraziliense.com.br\/vicente\/wp-json\/wp\/v2\/posts\/9964\/revisions\/9973"}],"wp:featuredmedia":[{"embeddable":true,"href":"https:\/\/blogs.correiobraziliense.com.br\/vicente\/wp-json\/wp\/v2\/media\/9968"}],"wp:attachment":[{"href":"https:\/\/blogs.correiobraziliense.com.br\/vicente\/wp-json\/wp\/v2\/media?parent=9964"}],"wp:term":[{"taxonomy":"category","embeddable":true,"href":"https:\/\/blogs.correiobraziliense.com.br\/vicente\/wp-json\/wp\/v2\/categories?post=9964"},{"taxonomy":"post_tag","embeddable":true,"href":"https:\/\/blogs.correiobraziliense.com.br\/vicente\/wp-json\/wp\/v2\/tags?post=9964"}],"curies":[{"name":"wp","href":"https:\/\/api.w.org\/{rel}","templated":true}]}}