{"id":9960,"date":"2019-02-06T20:35:35","date_gmt":"2019-02-06T22:35:35","guid":{"rendered":"https:\/\/blogs.correiobraziliense.com.br\/vicente\/?p=9960"},"modified":"2019-02-06T20:51:09","modified_gmt":"2019-02-06T22:51:09","slug":"sindicato-de-empregados-da-ceb-nega-prejuizos-a-populacao","status":"publish","type":"post","link":"https:\/\/blogs.correiobraziliense.com.br\/vicente\/sindicato-de-empregados-da-ceb-nega-prejuizos-a-populacao\/","title":{"rendered":"Sindicato de empregados da CEB nega preju\u00edzos \u00e0 popula\u00e7\u00e3o"},"content":{"rendered":"<h2>O Sindicato dos Urbanit\u00e1rios do Distrito Federal, que agrega os empregados da Companhia Energ\u00e9tica de Bras\u00edlia (CEB), enviou nota ao <strong>Blog<\/strong> no qual contesta declara\u00e7\u00f5es de presidente da empresa, Edison Garcia. Garante que, em nenhum momento, causou preju\u00edzos \u00e0 popula\u00e7\u00e3o ao ocupar, por algumas horas, o centro de opera\u00e7\u00f5es da CEB na ter\u00e7a-feira, 5 de fevereiro.<\/h2>\n<p>&nbsp;<\/p>\n<p>Para o sindicato, foi excessiva a decis\u00e3o da empresa de convocar for\u00e7as policiais a fim de retomar o controle do centro de opera\u00e7\u00f5es. Os policiais ficaram na sede da companhia at\u00e9 esta quarta-feira, 6 de fevereiro.<\/p>\n<p>&nbsp;<\/p>\n<p><strong>Veja a integra da nota:<\/strong><\/p>\n<p>&nbsp;<\/p>\n<p><em>&#8220;Sobre a mat\u00e9ria &#8216;Empregados da CEB invadem centro de Opera\u00e7\u00f5es, cortam cabos e impedem atendimento&#8217;, publicada na tarde desta quarta-feira (6), neste Blog, o Sindicato dos Urbanit\u00e1rios no DF esclarece que n\u00e3o s\u00e3o verdadeiras as declara\u00e7\u00f5es do presidente da CEB.<\/em><\/p>\n<p><em>Primeiro que, o Centro de Opera\u00e7\u00f5es \u00e9 todo informatizado e n\u00e3o h\u00e1 cabos que possam ser cortados (<strong>Nota do Blog:<\/strong> Na verdade, o que o presidente da CEB disse foi que a ocupa\u00e7\u00e3o do centro de opera\u00e7\u00f5es pelos sindicalistas impediu que cabos arrebentados pelas chuvas fossem consertados. A informa\u00e7\u00e3o saiu truncada e foi corrigida posteriormente).<\/em><\/p>\n<p><em>Segundo, os dirigentes sindicais permaneceram apenas duas horas no Centro de Opera\u00e7\u00f5es da empresa e, nesse per\u00edodo, n\u00e3o impediram o atendimento de chamadas emergenciais, pelo contr\u00e1rio. Apenas as chamadas emergenciais estavam sendo atendidas.<\/em><\/p>\n<p><em>Os dirigentes sindicais do STIU-DF se preocupam com o enorme aparato policial para dirimir uma quest\u00e3o que bastava o di\u00e1logo, enquanto uma subesta\u00e7\u00e3o perto de um posto de agentes de seguran\u00e7a na Ceil\u00e2ndia vem sofrendo com v\u00e1rios furtos de cabos de for\u00e7a, o que j\u00e1 gerou um preju\u00edzo para a sociedade de aproximadamente R$ 400 mil.&#8221;<\/em><\/p>\n<p>&nbsp;<\/p>\n<p><em>Bras\u00edlia, 20h35min<\/em><\/p>\n","protected":false},"excerpt":{"rendered":"<p>O Sindicato dos Urbanit\u00e1rios do Distrito Federal, que agrega os empregados da Companhia Energ\u00e9tica de Bras\u00edlia (CEB), enviou nota ao Blog no qual contesta declara\u00e7\u00f5es de presidente da empresa, Edison Garcia. Garante que, em nenhum momento, causou preju\u00edzos \u00e0 popula\u00e7\u00e3o ao ocupar, por algumas horas, o centro de opera\u00e7\u00f5es da CEB na ter\u00e7a-feira, 5 de [&hellip;]<\/p>\n","protected":false},"author":22,"featured_media":0,"comment_status":"open","ping_status":"closed","sticky":false,"template":"","format":"standard","meta":{"footnotes":""},"categories":[600],"tags":[],"class_list":["post-9960","post","type-post","status-publish","format-standard","hentry","category-economia"],"_links":{"self":[{"href":"https:\/\/blogs.correiobraziliense.com.br\/vicente\/wp-json\/wp\/v2\/posts\/9960","targetHints":{"allow":["GET"]}}],"collection":[{"href":"https:\/\/blogs.correiobraziliense.com.br\/vicente\/wp-json\/wp\/v2\/posts"}],"about":[{"href":"https:\/\/blogs.correiobraziliense.com.br\/vicente\/wp-json\/wp\/v2\/types\/post"}],"author":[{"embeddable":true,"href":"https:\/\/blogs.correiobraziliense.com.br\/vicente\/wp-json\/wp\/v2\/users\/22"}],"replies":[{"embeddable":true,"href":"https:\/\/blogs.correiobraziliense.com.br\/vicente\/wp-json\/wp\/v2\/comments?post=9960"}],"version-history":[{"count":1,"href":"https:\/\/blogs.correiobraziliense.com.br\/vicente\/wp-json\/wp\/v2\/posts\/9960\/revisions"}],"predecessor-version":[{"id":9961,"href":"https:\/\/blogs.correiobraziliense.com.br\/vicente\/wp-json\/wp\/v2\/posts\/9960\/revisions\/9961"}],"wp:attachment":[{"href":"https:\/\/blogs.correiobraziliense.com.br\/vicente\/wp-json\/wp\/v2\/media?parent=9960"}],"wp:term":[{"taxonomy":"category","embeddable":true,"href":"https:\/\/blogs.correiobraziliense.com.br\/vicente\/wp-json\/wp\/v2\/categories?post=9960"},{"taxonomy":"post_tag","embeddable":true,"href":"https:\/\/blogs.correiobraziliense.com.br\/vicente\/wp-json\/wp\/v2\/tags?post=9960"}],"curies":[{"name":"wp","href":"https:\/\/api.w.org\/{rel}","templated":true}]}}