{"id":9952,"date":"2019-02-06T17:24:58","date_gmt":"2019-02-06T19:24:58","guid":{"rendered":"https:\/\/blogs.correiobraziliense.com.br\/vicente\/?p=9952"},"modified":"2019-02-06T18:36:32","modified_gmt":"2019-02-06T20:36:32","slug":"maia-veta-kim-kataguiri-para-relatoria-da-reforma-da-previdencia","status":"publish","type":"post","link":"https:\/\/blogs.correiobraziliense.com.br\/vicente\/maia-veta-kim-kataguiri-para-relatoria-da-reforma-da-previdencia\/","title":{"rendered":"Maia veta Kim Kataguiri para relatoria da reforma da Previd\u00eancia"},"content":{"rendered":"<h2>ALESSANDRA AZEVEDO<\/h2>\n<h2><\/h2>\n<h2>Ainda \u00e9 um mist\u00e9rio quem ser\u00e1 o relator da nova reforma da Previd\u00eancia, mas os parlamentares que est\u00e3o por dentro do assunto j\u00e1 sabem quem n\u00e3o conseguir\u00e1 o posto. O deputado Kim Kataguiri (DEM-SP), que j\u00e1 se disse interessado na relatoria, sequer faz parte da lista de op\u00e7\u00f5es.<\/h2>\n<p>&nbsp;<\/p>\n<figure id=\"attachment_9953\" aria-describedby=\"caption-attachment-9953\" style=\"width: 597px\" class=\"wp-caption alignleft\"><a href=\"https:\/\/blogs.correiobraziliense.com.br\/vicente\/wp-content\/uploads\/sites\/16\/2019\/02\/KIM.jpg\"><img loading=\"lazy\" decoding=\"async\" class=\" wp-image-9953\" src=\"https:\/\/blogs.correiobraziliense.com.br\/vicente\/wp-content\/uploads\/sites\/16\/2019\/02\/KIM.jpg\" alt=\"\" width=\"597\" height=\"397\" srcset=\"https:\/\/blogs.correiobraziliense.com.br\/vicente\/wp-content\/uploads\/sites\/16\/2019\/02\/KIM.jpg 800w, https:\/\/blogs.correiobraziliense.com.br\/vicente\/wp-content\/uploads\/sites\/16\/2019\/02\/KIM-300x200.jpg 300w, https:\/\/blogs.correiobraziliense.com.br\/vicente\/wp-content\/uploads\/sites\/16\/2019\/02\/KIM-768x511.jpg 768w, https:\/\/blogs.correiobraziliense.com.br\/vicente\/wp-content\/uploads\/sites\/16\/2019\/02\/KIM-350x233.jpg 350w, https:\/\/blogs.correiobraziliense.com.br\/vicente\/wp-content\/uploads\/sites\/16\/2019\/02\/KIM-550x366.jpg 550w, https:\/\/blogs.correiobraziliense.com.br\/vicente\/wp-content\/uploads\/sites\/16\/2019\/02\/KIM-230x153.jpg 230w\" sizes=\"auto, (max-width: 597px) 100vw, 597px\" \/><\/a><figcaption id=\"caption-attachment-9953\" class=\"wp-caption-text\">Foto: Evaristo S\u00e1\/ AFP<\/figcaption><\/figure>\n<p>O presidente reeleito da C\u00e2mara, Rodrigo Maia (DEM-RJ), j\u00e1 vetou o nome do parlamentar. A aliados, ele disse ainda n\u00e3o saber quem ser\u00e1 o relator, mas garantiu que Kim n\u00e3o tem chance. Um dos motivos \u00e9 que teria se indisposto com Maia ao tentar derrub\u00e1-lo na disputa pela Presid\u00eancia da Casa.<\/p>\n<p>&nbsp;<\/p>\n<p>Reeleito com 334 votos ao comando da C\u00e2mara, Maia tem apoio suficiente para vetar o nome do deputado. De qualquer forma, o novato Kim j\u00e1 n\u00e3o seria uma boa alternativa, porque a prioridade deve ser de algu\u00e9m que esteja familiarizado com o processo legislativo e com o assunto, disse ao <strong>Blog<\/strong> um parlamentar por dentro das negocia\u00e7\u00f5es. Para ele, &#8220;isso n\u00e3o \u00e9 assunto para quem chegou agora&#8221;.<\/p>\n<p>&nbsp;<\/p>\n<p>Al\u00e9m da relatoria, tamb\u00e9m tem muita gente interessada na presid\u00eancia da comiss\u00e3o especial. O governo sinaliza que enviar\u00e1 um novo texto ao Congresso, em vez de aproveitar a PEC do ex-presidente Michel Temer. Caso essa inten\u00e7\u00e3o se confirme, a reforma ainda precisar\u00e1 passar pela Comiss\u00e3o de Constitui\u00e7\u00e3o e Justi\u00e7a (CCJ) e pela comiss\u00e3o especial.<\/p>\n<p>&nbsp;<\/p>\n<p>Maia ainda n\u00e3o bateu o martelo sobre a distribui\u00e7\u00e3o das presid\u00eancias de comiss\u00f5es, mas o PSL espera ficar com a CCJ. Um dos nomes estudados \u00e9 do deputado Felipe Francischini (PSL-PR).<\/p>\n<p>&nbsp;<\/p>\n<p><em>Bras\u00edlia, 17h24min<\/em><\/p>\n","protected":false},"excerpt":{"rendered":"<p>ALESSANDRA AZEVEDO Ainda \u00e9 um mist\u00e9rio quem ser\u00e1 o relator da nova reforma da Previd\u00eancia, mas os parlamentares que est\u00e3o por dentro do assunto j\u00e1 sabem quem n\u00e3o conseguir\u00e1 o posto. O deputado Kim Kataguiri (DEM-SP), que j\u00e1 se disse interessado na relatoria, sequer faz parte da lista de op\u00e7\u00f5es. &nbsp; O presidente reeleito da [&hellip;]<\/p>\n","protected":false},"author":22,"featured_media":0,"comment_status":"open","ping_status":"closed","sticky":false,"template":"","format":"standard","meta":{"footnotes":""},"categories":[600],"tags":[],"class_list":["post-9952","post","type-post","status-publish","format-standard","hentry","category-economia"],"_links":{"self":[{"href":"https:\/\/blogs.correiobraziliense.com.br\/vicente\/wp-json\/wp\/v2\/posts\/9952","targetHints":{"allow":["GET"]}}],"collection":[{"href":"https:\/\/blogs.correiobraziliense.com.br\/vicente\/wp-json\/wp\/v2\/posts"}],"about":[{"href":"https:\/\/blogs.correiobraziliense.com.br\/vicente\/wp-json\/wp\/v2\/types\/post"}],"author":[{"embeddable":true,"href":"https:\/\/blogs.correiobraziliense.com.br\/vicente\/wp-json\/wp\/v2\/users\/22"}],"replies":[{"embeddable":true,"href":"https:\/\/blogs.correiobraziliense.com.br\/vicente\/wp-json\/wp\/v2\/comments?post=9952"}],"version-history":[{"count":1,"href":"https:\/\/blogs.correiobraziliense.com.br\/vicente\/wp-json\/wp\/v2\/posts\/9952\/revisions"}],"predecessor-version":[{"id":9956,"href":"https:\/\/blogs.correiobraziliense.com.br\/vicente\/wp-json\/wp\/v2\/posts\/9952\/revisions\/9956"}],"wp:attachment":[{"href":"https:\/\/blogs.correiobraziliense.com.br\/vicente\/wp-json\/wp\/v2\/media?parent=9952"}],"wp:term":[{"taxonomy":"category","embeddable":true,"href":"https:\/\/blogs.correiobraziliense.com.br\/vicente\/wp-json\/wp\/v2\/categories?post=9952"},{"taxonomy":"post_tag","embeddable":true,"href":"https:\/\/blogs.correiobraziliense.com.br\/vicente\/wp-json\/wp\/v2\/tags?post=9952"}],"curies":[{"name":"wp","href":"https:\/\/api.w.org\/{rel}","templated":true}]}}