{"id":9944,"date":"2019-02-06T17:21:08","date_gmt":"2019-02-06T19:21:08","guid":{"rendered":"https:\/\/blogs.correiobraziliense.com.br\/vicente\/?p=9944"},"modified":"2019-02-06T20:54:43","modified_gmt":"2019-02-06T22:54:43","slug":"empregados-da-ceb-invadem-centro-de-operacoes-e-impedem-atendimento-a-populacao","status":"publish","type":"post","link":"https:\/\/blogs.correiobraziliense.com.br\/vicente\/empregados-da-ceb-invadem-centro-de-operacoes-e-impedem-atendimento-a-populacao\/","title":{"rendered":"Empregados da CEB invadem centro de Opera\u00e7\u00f5es e impedem atendimento \u00e0 popula\u00e7\u00e3o"},"content":{"rendered":"<h2>Uma grande confus\u00e3o foi instalada na Companhia Energ\u00e9tica de Bras\u00edlia (CEB) por causa da demiss\u00e3o de 10 funcion\u00e1rios que atuavam em um escrit\u00f3rio da Faceb, o fundo de pens\u00e3o dos empregados da empresa. Na tarde de ter\u00e7a-feira, 5 de fevereiro, em meio a um temporal que provocou danos em v\u00e1rias partes do Distrito Federal, representantes do sindicato dos eletricit\u00e1rios invadiram o Centro de Opera\u00e7\u00f5es da CEB, impediram o atendimento a mais de 600 emerg\u00eancias e at\u00e9 o conserto de cabos arrebentados pelas chuvas.<\/h2>\n<p>&nbsp;<\/p>\n<figure id=\"attachment_9946\" aria-describedby=\"caption-attachment-9946\" style=\"width: 633px\" class=\"wp-caption alignleft\"><a href=\"https:\/\/blogs.correiobraziliense.com.br\/vicente\/wp-content\/uploads\/sites\/16\/2019\/02\/CEB1.jpg\"><img loading=\"lazy\" decoding=\"async\" class=\" wp-image-9946\" src=\"https:\/\/blogs.correiobraziliense.com.br\/vicente\/wp-content\/uploads\/sites\/16\/2019\/02\/CEB1.jpg\" alt=\"\" width=\"633\" height=\"420\" srcset=\"https:\/\/blogs.correiobraziliense.com.br\/vicente\/wp-content\/uploads\/sites\/16\/2019\/02\/CEB1.jpg 800w, https:\/\/blogs.correiobraziliense.com.br\/vicente\/wp-content\/uploads\/sites\/16\/2019\/02\/CEB1-300x199.jpg 300w, https:\/\/blogs.correiobraziliense.com.br\/vicente\/wp-content\/uploads\/sites\/16\/2019\/02\/CEB1-768x510.jpg 768w, https:\/\/blogs.correiobraziliense.com.br\/vicente\/wp-content\/uploads\/sites\/16\/2019\/02\/CEB1-350x232.jpg 350w, https:\/\/blogs.correiobraziliense.com.br\/vicente\/wp-content\/uploads\/sites\/16\/2019\/02\/CEB1-550x365.jpg 550w, https:\/\/blogs.correiobraziliense.com.br\/vicente\/wp-content\/uploads\/sites\/16\/2019\/02\/CEB1-230x153.jpg 230w\" sizes=\"auto, (max-width: 633px) 100vw, 633px\" \/><\/a><figcaption id=\"caption-attachment-9946\" class=\"wp-caption-text\">Foto: Ed Alves\/CB\/D.A Press<\/figcaption><\/figure>\n<p>O Centro de Opera\u00e7\u00f5es da CEB s\u00f3 foi desocupado depois de uma longa negocia\u00e7\u00e3o entre o presidente da empresa, Edison Garcia, o sindicato e a policia, que cercou toda a base de presta\u00e7\u00e3o de servi\u00e7os \u00e0 popula\u00e7\u00e3o. &#8220;Chamei a pol\u00edtica, porque n\u00e3o poderia permitir a anarquia. N\u00e3o havia porque prejudicar a popula\u00e7\u00e3o&#8221;, diz Garcia. A pol\u00edcia s\u00f3 deixou a pr\u00e9dio da CEB, no Setor de Ind\u00fastria e Abastecimento (SIA) no fim da manh\u00e3 desta quarta-feira, 6 de fevereiro, quando os \u00e2nimos foram serenados.<\/p>\n<p>&nbsp;<\/p>\n<p><strong>Demiss\u00e3o<\/strong><\/p>\n<p>&nbsp;<\/p>\n<p>O sindicato dos eletricit\u00e1rios exigem a demiss\u00e3o do presidente da Faceb, Marco Antonio Vieira, que est\u00e1 enxugando a estrutura da funda\u00e7\u00e3o, cuja sa\u00fade financeira vai de mal a pior. A Faceb acumula um rombo de R$ 300 milh\u00f5es e est\u00e1 em dificuldades para cumprir compromissos futuros com aposentados e pensionistas. Os 10 funcion\u00e1rios demitidos tinham sal\u00e1rios tr\u00eas vezes maiores que a m\u00e9dia de mercado. Segundo a Faceb, o fechamento da unidade de atendimento nas quais eles trabalhavam em nada vai atrapalhar a presta\u00e7\u00e3o de servi\u00e7os aos associados.<\/p>\n<p>&nbsp;<\/p>\n<p>A Faceb vem sendo fiscalizada com rigor pela Previc, \u00f3rg\u00e3o que regula os fundos de pens\u00e3o. A determina\u00e7\u00e3o \u00e9 para que a Faceb arrume logo as suas contas, para que tenha condi\u00e7\u00f5es de honrar todos os compromissos futuros, complementando as aposentadorias de quem contribuiu para isso. Al\u00e9m dos planos de previd\u00eancia, a Faceb enfrenta problemas com os planos de sa\u00fade, que v\u00eam consumido boa parte do caixa da funda\u00e7\u00e3o.<\/p>\n<p>&nbsp;<\/p>\n<p>Em nota aos associados, o sindicato dos empregados da CEB afirma que, &#8220;diante do desrespeito total aos trabalhadores, participantes e assistidos pela funda\u00e7\u00e3o, n\u00e3o restou outra alternativa ao sindicato sen\u00e3o reagir a altura \u00e0 provoca\u00e7\u00e3o que h\u00e1 tempos o referido dirigente (Marco Antonio Vieira) vem fazendo a entidade sindical e assistidos\/participantes da funda\u00e7\u00e3o&#8221;.<\/p>\n<p>&nbsp;<\/p>\n<p><em>Bras\u00edlia, 17h21min<\/em><\/p>\n","protected":false},"excerpt":{"rendered":"<p>Uma grande confus\u00e3o foi instalada na Companhia Energ\u00e9tica de Bras\u00edlia (CEB) por causa da demiss\u00e3o de 10 funcion\u00e1rios que atuavam em um escrit\u00f3rio da Faceb, o fundo de pens\u00e3o dos empregados da empresa. Na tarde de ter\u00e7a-feira, 5 de fevereiro, em meio a um temporal que provocou danos em v\u00e1rias partes do Distrito Federal, representantes [&hellip;]<\/p>\n","protected":false},"author":22,"featured_media":0,"comment_status":"open","ping_status":"closed","sticky":false,"template":"","format":"standard","meta":{"footnotes":""},"categories":[600],"tags":[],"class_list":["post-9944","post","type-post","status-publish","format-standard","hentry","category-economia"],"_links":{"self":[{"href":"https:\/\/blogs.correiobraziliense.com.br\/vicente\/wp-json\/wp\/v2\/posts\/9944","targetHints":{"allow":["GET"]}}],"collection":[{"href":"https:\/\/blogs.correiobraziliense.com.br\/vicente\/wp-json\/wp\/v2\/posts"}],"about":[{"href":"https:\/\/blogs.correiobraziliense.com.br\/vicente\/wp-json\/wp\/v2\/types\/post"}],"author":[{"embeddable":true,"href":"https:\/\/blogs.correiobraziliense.com.br\/vicente\/wp-json\/wp\/v2\/users\/22"}],"replies":[{"embeddable":true,"href":"https:\/\/blogs.correiobraziliense.com.br\/vicente\/wp-json\/wp\/v2\/comments?post=9944"}],"version-history":[{"count":5,"href":"https:\/\/blogs.correiobraziliense.com.br\/vicente\/wp-json\/wp\/v2\/posts\/9944\/revisions"}],"predecessor-version":[{"id":9962,"href":"https:\/\/blogs.correiobraziliense.com.br\/vicente\/wp-json\/wp\/v2\/posts\/9944\/revisions\/9962"}],"wp:attachment":[{"href":"https:\/\/blogs.correiobraziliense.com.br\/vicente\/wp-json\/wp\/v2\/media?parent=9944"}],"wp:term":[{"taxonomy":"category","embeddable":true,"href":"https:\/\/blogs.correiobraziliense.com.br\/vicente\/wp-json\/wp\/v2\/categories?post=9944"},{"taxonomy":"post_tag","embeddable":true,"href":"https:\/\/blogs.correiobraziliense.com.br\/vicente\/wp-json\/wp\/v2\/tags?post=9944"}],"curies":[{"name":"wp","href":"https:\/\/api.w.org\/{rel}","templated":true}]}}