{"id":9943,"date":"2019-02-06T18:22:22","date_gmt":"2019-02-06T20:22:22","guid":{"rendered":"https:\/\/blogs.correiobraziliense.com.br\/vicente\/?p=9943"},"modified":"2019-02-06T18:38:18","modified_gmt":"2019-02-06T20:38:18","slug":"banco-central-decide-manter-taxa-selic-em-65-ao-ano","status":"publish","type":"post","link":"https:\/\/blogs.correiobraziliense.com.br\/vicente\/banco-central-decide-manter-taxa-selic-em-65-ao-ano\/","title":{"rendered":"Banco Central decide manter taxa Selic em 6,5% ao ano"},"content":{"rendered":"<h2>HAMILTON FERRARI<\/h2>\n<h2>Na primeira reuni\u00e3o do Comit\u00ea de Pol\u00edtica Monet\u00e1ria (Copom) de 2019, e possivelmente a \u00faltima com o presidente do Banco Central (BC), Ilan Goldfajn, no comando, a autoridade monet\u00e1ria decidiu manter a taxa Selic em 6,5% ao ano. Os juros est\u00e3o no mesmo patamar desde mar\u00e7o de 2018, ou seja, oito reuni\u00f5es consecutivas.<\/h2>\n<p>&nbsp;<\/p>\n<p>Segundo o comunicado do Banco Central, a decis\u00e3o foi un\u00e2nime entre os diretores.<\/p>\n<p>&nbsp;<\/p>\n<p>O texto ressalta que a atividade econ\u00f4mica est\u00e1 em recupera\u00e7\u00e3o gradual. O cen\u00e1rio externo permanece desafiador, mas \u201ccom alguma redu\u00e7\u00e3o e altera\u00e7\u00e3o do perfil de riscos\u201d. \u201cPor um lado, diminu\u00edram os riscos de curto prazo associados \u00e0 normaliza\u00e7\u00e3o das taxas de juros em algumas economias avan\u00e7adas\u201d, informou .<\/p>\n<p>&nbsp;<\/p>\n<p>Na pr\u00e1tica, a alta de juros em pa\u00edses desenvolvidos \u00e9 ruim para o Brasil, porque h\u00e1 perda de atratividade para investimentos. \u201cPor outro lado, aumentaram os riscos associados a uma desacelera\u00e7\u00e3o da economia global, em fun\u00e7\u00e3o de diversas incertezas, como as disputas comerciais e o Brexit\u201d, comunicou o BC.<\/p>\n<p>&nbsp;<\/p>\n<p><strong>Infla\u00e7\u00e3o<\/strong><\/p>\n<p>&nbsp;<\/p>\n<p>Segundo a autoridade monet\u00e1ria, a infla\u00e7\u00e3o est\u00e1 em n\u00edveis apropriados e confort\u00e1veis. O Banco Central estima que o \u00cdndice Nacional de Pre\u00e7os ao Consumidor Amplo (IPCA) termine o ano em 3,9%, abaixo do centro da meta, que \u00e9 de 4,25%. Para os anos seguintes, estima taxas de 4% e 3,75% entre 2020 e 2021, respectivamente.<\/p>\n<p>&nbsp;<\/p>\n<p>\u201cConsiderando o cen\u00e1rio b\u00e1sico, o balan\u00e7o de riscos e o amplo conjunto de informa\u00e7\u00f5es dispon\u00edveis, o Copom decidiu, por unanimidade, pela manuten\u00e7\u00e3o da taxa b\u00e1sica de juros em 6,50% a.a. O Comit\u00ea entende que essa decis\u00e3o reflete seu cen\u00e1rio b\u00e1sico e balan\u00e7o de riscos para a infla\u00e7\u00e3o prospectiva e \u00e9 compat\u00edvel com a converg\u00eancia da infla\u00e7\u00e3o para a meta no horizonte relevante para a condu\u00e7\u00e3o da pol\u00edtica monet\u00e1ria, que inclui o ano-calend\u00e1rio de 2019 e, com peso menor e gradualmente crescente, de 2020\u201d, complementa a nota.<\/p>\n<p>&nbsp;<\/p>\n<p>O texto tamb\u00e9m destaca a necessidade de fazer reformas e ajustes necess\u00e1rios na economia brasileira. \u201cO Copom avalia que cautela, serenidade e perseveran\u00e7a nas decis\u00f5es de pol\u00edtica monet\u00e1ria, inclusive diante de cen\u00e1rios vol\u00e1teis, t\u00eam sido \u00fateis na persegui\u00e7\u00e3o de seu objetivo prec\u00edpuo de manter a trajet\u00f3ria da infla\u00e7\u00e3o em dire\u00e7\u00e3o \u00e0s metas\u201d, conclui.<\/p>\n<p>&nbsp;<\/p>\n<p><strong>Proje\u00e7\u00f5es<\/strong><\/p>\n<p>&nbsp;<\/p>\n<p>Analistas de mercado se divergem sobre a taxa que deve terminar este ano. H\u00e1 economistas que apostam que a Selic caia a partir de setembro, chegando at\u00e9 5,5% ao ano no fim de 2019. Nesse cen\u00e1rio, est\u00e1 prevista a aprova\u00e7\u00e3o de uma reforma da Previd\u00eancia no Congresso Nacional que economize mais de R$ 800 bilh\u00f5es em 10 anos.<\/p>\n<p>&nbsp;<\/p>\n<p>As proje\u00e7\u00f5es divulgadas pelo Banco Central, via relat\u00f3rio Focus, mostra que o mercado trabalham com uma taxa Selic de 6,5% ao ano ao t\u00e9rmino de 2019. Ou seja, o Copom pode n\u00e3o alterar os juros neste ano.<\/p>\n<p>&nbsp;<\/p>\n<p>Goldfajn pode se despedir do BC antes da pr\u00f3xima reuni\u00e3o, que ocorre entre os dias 19 e 20 de mar\u00e7o. O ministro da Economia, Paulo Guedes, indicou o economista Roberto Campos Neto no \u00faltimo trimestre de 2018, mas, para assumir o cargo, ele ainda precisa ter o aval do Senado Federal. A data para a sabatina ainda n\u00e3o est\u00e1 prevista.<\/p>\n<p>&nbsp;<\/p>\n<p><strong>Confira a \u00edntegra do comunicado do BC:<\/strong><\/p>\n<p><em>O Copom decidiu, por unanimidade, manter a taxa Selic em 6,50% a.a.<\/em><\/p>\n<p><em>A atualiza\u00e7\u00e3o do cen\u00e1rio b\u00e1sico do Copom pode ser descrita com as seguintes observa\u00e7\u00f5es:<\/em><\/p>\n<p><em>Indicadores recentes da atividade econ\u00f4mica continuam evidenciando recupera\u00e7\u00e3o gradual da economia brasileira;<\/em><\/p>\n<p><em>O cen\u00e1rio externo permanece desafiador, mas com alguma redu\u00e7\u00e3o e altera\u00e7\u00e3o do perfil de riscos. Por um lado, diminu\u00edram os riscos de curto prazo associados \u00e0 normaliza\u00e7\u00e3o das taxas de juros em algumas economias avan\u00e7adas. Por outro lado, aumentaram os riscos associados a uma desacelera\u00e7\u00e3o da economia global, em fun\u00e7\u00e3o de diversas incertezas, como as disputas comerciais e o Brexit;<\/em><\/p>\n<p><em>O Comit\u00ea avalia que diversas medidas de infla\u00e7\u00e3o subjacente se encontram em n\u00edveis apropriados ou confort\u00e1veis, inclusive os componentes mais sens\u00edveis ao ciclo econ\u00f4mico e \u00e0 pol\u00edtica monet\u00e1ria;<\/em><\/p>\n<p><em>As expectativas de infla\u00e7\u00e3o para 2019, 2020 e 2021 apuradas pela pesquisa Focus encontram-se em torno de 3,9%, 4,0% e 3,75%, respectivamente; e<\/em><\/p>\n<p><em>No cen\u00e1rio com trajet\u00f3rias para as taxas de juros e c\u00e2mbio extra\u00eddas da pesquisa Focus, as proje\u00e7\u00f5es do Copom situam-se em torno de 3,9% para 2019 e 3,8% para 2020. Esse cen\u00e1rio sup\u00f5e trajet\u00f3ria de juros que encerra 2019 em 6,5% a.a. e se eleva a 8,00% a.a. em 2020. Tamb\u00e9m sup\u00f5e trajet\u00f3ria para a taxa de c\u00e2mbio que termina 2019 em R$\/US$ 3,70 e 2020 em R$\/US$ 3,75. No cen\u00e1rio com juros constantes a 6,50% a.a. e taxa de c\u00e2mbio constante a R$\/US$ 3,70*, as proje\u00e7\u00f5es situam-se em torno de 3,9% para 2019 e 4,0% para 2020.<\/em><\/p>\n<p><em>O Comit\u00ea ressalta que, em seu cen\u00e1rio b\u00e1sico para a infla\u00e7\u00e3o, permanecem fatores de risco em ambas as dire\u00e7\u00f5es, mas com maior peso nos dois \u00faltimos riscos, portanto, com assimetria. Por um lado, (i) o n\u00edvel de ociosidade elevado pode produzir trajet\u00f3ria prospectiva abaixo do esperado. Por outro lado, (ii) uma frustra\u00e7\u00e3o das expectativas sobre a continuidade das reformas e ajustes necess\u00e1rios na economia brasileira pode afetar pr\u00eamios de risco e elevar a trajet\u00f3ria da infla\u00e7\u00e3o no horizonte relevante para a pol\u00edtica monet\u00e1ria. Esse risco se intensifica no caso de (iii) deteriora\u00e7\u00e3o do cen\u00e1rio externo para economias emergentes. O Comit\u00ea avalia que, desde o \u00faltimo Copom, especialmente quanto ao cen\u00e1rio externo, houve arrefecimento dos riscos inflacion\u00e1rios.<\/em><\/p>\n<p><em>Considerando o cen\u00e1rio b\u00e1sico, o balan\u00e7o de riscos e o amplo conjunto de informa\u00e7\u00f5es dispon\u00edveis, o Copom decidiu, por unanimidade, pela manuten\u00e7\u00e3o da taxa b\u00e1sica de juros em 6,50% a.a. O Comit\u00ea entende que essa decis\u00e3o reflete seu cen\u00e1rio b\u00e1sico e balan\u00e7o de riscos para a infla\u00e7\u00e3o prospectiva e \u00e9 compat\u00edvel com a converg\u00eancia da infla\u00e7\u00e3o para a meta no horizonte relevante para a condu\u00e7\u00e3o da pol\u00edtica monet\u00e1ria, que inclui o ano-calend\u00e1rio de 2019 e, com peso menor e gradualmente crescente, de 2020. <\/em><br \/>\n<em>O Copom reitera que a conjuntura econ\u00f4mica prescreve pol\u00edtica monet\u00e1ria estimulativa, ou seja, com taxas de juros abaixo da taxa estrutural.<\/em><\/p>\n<p><em>O Comit\u00ea enfatiza que a continuidade do processo de reformas e ajustes necess\u00e1rios na economia brasileira \u00e9 essencial para a manuten\u00e7\u00e3o da infla\u00e7\u00e3o baixa no m\u00e9dio e longo prazos, para a queda da taxa de juros estrutural e para a recupera\u00e7\u00e3o sustent\u00e1vel da economia. O Comit\u00ea ressalta ainda que a percep\u00e7\u00e3o de continuidade da agenda de reformas afeta as expectativas e proje\u00e7\u00f5es macroecon\u00f4micas correntes.<\/em><\/p>\n<p><em>Na avalia\u00e7\u00e3o do Copom, a evolu\u00e7\u00e3o do cen\u00e1rio b\u00e1sico e do balan\u00e7o de riscos prescreve manuten\u00e7\u00e3o da taxa Selic no n\u00edvel vigente. O Copom ressalta que os pr\u00f3ximos passos da pol\u00edtica monet\u00e1ria continuar\u00e3o dependendo da evolu\u00e7\u00e3o da atividade econ\u00f4mica, do balan\u00e7o de riscos e das proje\u00e7\u00f5es e expectativas de infla\u00e7\u00e3o.<\/em><\/p>\n<p><em>O Copom avalia que cautela, serenidade e perseveran\u00e7a nas decis\u00f5es de pol\u00edtica monet\u00e1ria, inclusive diante de cen\u00e1rios vol\u00e1teis, t\u00eam sido \u00fateis na persegui\u00e7\u00e3o de seu objetivo prec\u00edpuo de manter a trajet\u00f3ria da infla\u00e7\u00e3o em dire\u00e7\u00e3o \u00e0s metas.<\/em><\/p>\n<p><em>Votaram por essa decis\u00e3o os seguintes membros do Comit\u00ea: Ilan Goldfajn (Presidente), Carlos Viana de Carvalho, Carolina de Assis Barros, Maur\u00edcio Costa de Moura, Ot\u00e1vio Ribeiro Damaso, Paulo S\u00e9rgio Neves de Souza, Sidnei Corr\u00eaa Marques e Tiago Couto Berriel.<\/em><\/p>\n<p><em>*Valor obtido pelo procedimento usual de arredondar a cota\u00e7\u00e3o m\u00e9dia da taxa de c\u00e2mbio R$\/US$ observada nos cinco dias \u00fateis encerrados na sexta-feira anterior \u00e0 reuni\u00e3o do Copom.<\/em><\/p>\n<p>&nbsp;<\/p>\n<p><em>Bras\u00edlia, 18h23min<\/em><\/p>\n","protected":false},"excerpt":{"rendered":"<p>HAMILTON FERRARI Na primeira reuni\u00e3o do Comit\u00ea de Pol\u00edtica Monet\u00e1ria (Copom) de 2019, e possivelmente a \u00faltima com o presidente do Banco Central (BC), Ilan Goldfajn, no comando, a autoridade monet\u00e1ria decidiu manter a taxa Selic em 6,5% ao ano. Os juros est\u00e3o no mesmo patamar desde mar\u00e7o de 2018, ou seja, oito reuni\u00f5es consecutivas. [&hellip;]<\/p>\n","protected":false},"author":22,"featured_media":0,"comment_status":"open","ping_status":"closed","sticky":false,"template":"","format":"standard","meta":{"footnotes":""},"categories":[600],"tags":[106,4,34,2836],"class_list":["post-9943","post","type-post","status-publish","format-standard","hentry","category-economia","tag-bc","tag-juros","tag-selic","tag-taxa"],"_links":{"self":[{"href":"https:\/\/blogs.correiobraziliense.com.br\/vicente\/wp-json\/wp\/v2\/posts\/9943","targetHints":{"allow":["GET"]}}],"collection":[{"href":"https:\/\/blogs.correiobraziliense.com.br\/vicente\/wp-json\/wp\/v2\/posts"}],"about":[{"href":"https:\/\/blogs.correiobraziliense.com.br\/vicente\/wp-json\/wp\/v2\/types\/post"}],"author":[{"embeddable":true,"href":"https:\/\/blogs.correiobraziliense.com.br\/vicente\/wp-json\/wp\/v2\/users\/22"}],"replies":[{"embeddable":true,"href":"https:\/\/blogs.correiobraziliense.com.br\/vicente\/wp-json\/wp\/v2\/comments?post=9943"}],"version-history":[{"count":4,"href":"https:\/\/blogs.correiobraziliense.com.br\/vicente\/wp-json\/wp\/v2\/posts\/9943\/revisions"}],"predecessor-version":[{"id":9957,"href":"https:\/\/blogs.correiobraziliense.com.br\/vicente\/wp-json\/wp\/v2\/posts\/9943\/revisions\/9957"}],"wp:attachment":[{"href":"https:\/\/blogs.correiobraziliense.com.br\/vicente\/wp-json\/wp\/v2\/media?parent=9943"}],"wp:term":[{"taxonomy":"category","embeddable":true,"href":"https:\/\/blogs.correiobraziliense.com.br\/vicente\/wp-json\/wp\/v2\/categories?post=9943"},{"taxonomy":"post_tag","embeddable":true,"href":"https:\/\/blogs.correiobraziliense.com.br\/vicente\/wp-json\/wp\/v2\/tags?post=9943"}],"curies":[{"name":"wp","href":"https:\/\/api.w.org\/{rel}","templated":true}]}}