{"id":9933,"date":"2019-02-06T13:41:52","date_gmt":"2019-02-06T15:41:52","guid":{"rendered":"https:\/\/blogs.correiobraziliense.com.br\/vicente\/?p=9933"},"modified":"2019-02-06T13:59:06","modified_gmt":"2019-02-06T15:59:06","slug":"planalto-convoca-ministros-a-saudarem-nova-teve-publica","status":"publish","type":"post","link":"https:\/\/blogs.correiobraziliense.com.br\/vicente\/planalto-convoca-ministros-a-saudarem-nova-teve-publica\/","title":{"rendered":"Planalto convoca ministros a saudarem &#8220;nova tev\u00ea p\u00fablica&#8221;"},"content":{"rendered":"<h2>A Secretaria de Comunica\u00e7\u00e3o (Secom) do Pal\u00e1cio do Planalto est\u00e1 convocando todos os ministros a gravarem depoimento para a &#8220;nova TV do governo&#8221;, que ter\u00e1 uma programa\u00e7\u00e3o &#8220;toda nova e totalmente voltada para o povo brasileiro&#8221;.<\/h2>\n<p>&nbsp;<\/p>\n<p>Para isso, os ministros devem gravar depoimentos at\u00e9, no m\u00e1ximo, ter\u00e7a-feira, 12 de fevereiro. A estrutura da EBC, segundo comunicado enviado pela Secom, &#8220;ir\u00e1 at\u00e9 o gabinete do ministro ou at\u00e9 onde seja mais conveniente para gravar com ele&#8221;.<\/p>\n<p>&nbsp;<\/p>\n<p>Todos os chefes de gabinete e de assessorias de imprensa da Esplanada foram acionados. A ordem \u00e9 n\u00e3o deixar falhas, pois se deve manter a unidade dentro do governo. \u00c9 quest\u00e3o de imagem.<\/p>\n<p>&nbsp;<\/p>\n<p>As mudan\u00e7as na tev\u00ea p\u00fablica v\u00eam sendo discutidas desde a campanha de Jair Bolsonaro para a Presid\u00eancia da Rep\u00fablica. Chegou-se, inclusive, a cogitar o fechamento da EBC, o que, se concluiu, depois, n\u00e3o ser a melhor sa\u00edda. Mas muitos postos de comando da empresa foram mudados, assim como na NBR.<\/p>\n<p>&nbsp;<\/p>\n<p><strong>Veja o que diz o comunicado expedido pelo Planalto:<\/strong><\/p>\n<p>&nbsp;<\/p>\n<p><em>&#8220;\u00c0s Chefias de Gabinete dos Ministros de Estado e Chefes de Assessorias de Comunica\u00e7\u00e3o Social<\/em><\/p>\n<p><em>Senhores (as) Chefes de Gabinete e Assessores de Comunica\u00e7\u00e3o Social<\/em><\/p>\n<p>&nbsp;<\/p>\n<p><em>Informamos que o Governo Federal ir\u00e1 inaugurar uma nova TV p\u00fablica com um objetivo mais voltado para o cidad\u00e3o. A nova TV do governo ter\u00e1 uma programa\u00e7\u00e3o toda nova e totalmente voltada para o povo brasileiro.<\/em><\/p>\n<p><em>E, para que possamos inaugur\u00e1-la com a presen\u00e7a dos nossos governantes, convidamos os ministros de estado a prestarem seus depoimentos de boas-vindas \u00e0 nova TV do Governo Federal.<\/em><\/p>\n<p><em>Para tanto, solicitamos sua aten\u00e7\u00e3o no sentido de agendar com os respectivos ministros de estado para esta semana ou, para, no m\u00e1ximo, at\u00e9 a pr\u00f3xima ter\u00e7a-feira.<\/em><\/p>\n<p><em>A equipe da EBC ir\u00e1 at\u00e9 o gabinete do ministro ou at\u00e9 onde seja mais conveniente para gravar com ele \u2013 pode ser em Bras\u00edlia, Rio de Janeiro ou S\u00e3o Paulo.<\/em><\/p>\n<p><em>Solicitamos dar retorno com a data, hor\u00e1rio e local de agendamento para a filmagem para o e-mail articulacao.secom@presidencia.gov.br.<\/em><\/p>\n<p><em>Estamos \u00e0 disposi\u00e7\u00e3o para quaisquer esclarecimentos.&#8221;<\/em><\/p>\n<p>&nbsp;<\/p>\n<p><em>Bras\u00edlia, 13h41min<\/em><\/p>\n","protected":false},"excerpt":{"rendered":"<p>A Secretaria de Comunica\u00e7\u00e3o (Secom) do Pal\u00e1cio do Planalto est\u00e1 convocando todos os ministros a gravarem depoimento para a &#8220;nova TV do governo&#8221;, que ter\u00e1 uma programa\u00e7\u00e3o &#8220;toda nova e totalmente voltada para o povo brasileiro&#8221;. &nbsp; Para isso, os ministros devem gravar depoimentos at\u00e9, no m\u00e1ximo, ter\u00e7a-feira, 12 de fevereiro. A estrutura da EBC, [&hellip;]<\/p>\n","protected":false},"author":22,"featured_media":0,"comment_status":"open","ping_status":"closed","sticky":false,"template":"","format":"standard","meta":{"footnotes":""},"categories":[600],"tags":[],"class_list":["post-9933","post","type-post","status-publish","format-standard","hentry","category-economia"],"_links":{"self":[{"href":"https:\/\/blogs.correiobraziliense.com.br\/vicente\/wp-json\/wp\/v2\/posts\/9933","targetHints":{"allow":["GET"]}}],"collection":[{"href":"https:\/\/blogs.correiobraziliense.com.br\/vicente\/wp-json\/wp\/v2\/posts"}],"about":[{"href":"https:\/\/blogs.correiobraziliense.com.br\/vicente\/wp-json\/wp\/v2\/types\/post"}],"author":[{"embeddable":true,"href":"https:\/\/blogs.correiobraziliense.com.br\/vicente\/wp-json\/wp\/v2\/users\/22"}],"replies":[{"embeddable":true,"href":"https:\/\/blogs.correiobraziliense.com.br\/vicente\/wp-json\/wp\/v2\/comments?post=9933"}],"version-history":[{"count":2,"href":"https:\/\/blogs.correiobraziliense.com.br\/vicente\/wp-json\/wp\/v2\/posts\/9933\/revisions"}],"predecessor-version":[{"id":9935,"href":"https:\/\/blogs.correiobraziliense.com.br\/vicente\/wp-json\/wp\/v2\/posts\/9933\/revisions\/9935"}],"wp:attachment":[{"href":"https:\/\/blogs.correiobraziliense.com.br\/vicente\/wp-json\/wp\/v2\/media?parent=9933"}],"wp:term":[{"taxonomy":"category","embeddable":true,"href":"https:\/\/blogs.correiobraziliense.com.br\/vicente\/wp-json\/wp\/v2\/categories?post=9933"},{"taxonomy":"post_tag","embeddable":true,"href":"https:\/\/blogs.correiobraziliense.com.br\/vicente\/wp-json\/wp\/v2\/tags?post=9933"}],"curies":[{"name":"wp","href":"https:\/\/api.w.org\/{rel}","templated":true}]}}