{"id":9930,"date":"2019-02-04T22:25:06","date_gmt":"2019-02-05T00:25:06","guid":{"rendered":"https:\/\/blogs.correiobraziliense.com.br\/vicente\/?p=9930"},"modified":"2019-02-04T22:46:09","modified_gmt":"2019-02-05T00:46:09","slug":"chapa-2-na-disputa-pela-funpresp-diz-que-processara-opositores","status":"publish","type":"post","link":"https:\/\/blogs.correiobraziliense.com.br\/vicente\/chapa-2-na-disputa-pela-funpresp-diz-que-processara-opositores\/","title":{"rendered":"Chapa 2 na disputa pela Funpresp diz que processar\u00e1 opositores"},"content":{"rendered":"<p>Para confirmar como est\u00e1 pesado o jogo na disputa pelo comando da Funpresp, a funda\u00e7\u00e3o de previd\u00eancia complementar dos servidores federais, a Chapa 2, em nota enviada ao <strong>Blog<\/strong>, avisa que vai processar a AUD-TCU. A raz\u00e3o: a associa\u00e7\u00e3o que representa os auditores do Tribunal de Contas da Uni\u00e3o (TCU) <a href=\"https:\/\/blogs.correiobraziliense.com.br\/vicente\/associacao-de-auditores-do-tcu-faz-alerta-contra-chapa-2-da-funpresp\/\">recomendou a esses profissionais que n\u00e3o votassem nesse grupo<\/a>, que teria, entre seus integrantes, uma pessoa suspeita de cometer irregularidades.<\/p>\n<p>&nbsp;<\/p>\n<p>A elei\u00e7\u00e3o para a Funpresp, que tem mais de 70 mil associados e administra patrim\u00f4nio de R$ 1,3 bilh\u00e3o, come\u00e7ou nesta segunda-feira, 4 de fevereiro, e vai at\u00e9 o dia 11. O fundo de pens\u00e3o tende a ser, ao longo do tempo, o maior da Am\u00e9rica Latina e j\u00e1 segue o modelo de capitaliza\u00e7\u00e3o que o governo de Jair Bolsonaro quer implantar na reforma da Previd\u00eancia Social.<\/p>\n<p>&nbsp;<\/p>\n<p><strong>Veja o que diz a nota da Chapa 2:<\/strong><\/p>\n<p>&nbsp;<\/p>\n<p><em>&#8220;A respeito da mat\u00e9ria \u201cAssocia\u00e7\u00e3o de auditores do TCU faz alerta contra chapa 2 da Funpresp\u201d, veiculada nesta segunda-feira (04\/02) no <strong>Blog do Vicente<\/strong>, do <strong>Correio Braziliense<\/strong>, a Chapa 2 \u2013 Fiscaliza\u00e7\u00e3o e Resultado, que concorre \u00e0s elei\u00e7\u00f5es para o Conselho Deliberativo e Fiscal da Funpresp, vem a p\u00fablico esclarecer que:<\/em><\/p>\n<p><em>&#8211; com a deflagra\u00e7\u00e3o do in\u00edcio das vota\u00e7\u00f5es para as Elei\u00e7\u00f5es da Funpresp e o favoritismo da nossa Chapa, tem se espalhado diversas not\u00edcias falsas para tentar prejudicar a imagem dos candidatos, com o n\u00edtido intuito de tentar interferir no processo eleitoral em curso;<\/em><\/p>\n<p><em>&#8211; a personalidade jur\u00eddica de entidades de classe n\u00e3o \u00e9 escuto protetor de pessoa(s) mal intencionada(s) que se utiliza(m) dos meios de comunica\u00e7\u00e3o para propagar mensagens manipuladas. Cada um \u00e9 respons\u00e1vel pelas acusa\u00e7\u00f5es falsas que dissemina e deve ter ci\u00eancia das suas consequentes implica\u00e7\u00f5es legais. Todas as medidas judiciais e\/ou administrativas ser\u00e3o adotadas, com a finalidade de exemplarmente responsabilizar quem se aventura em tais pr\u00e1ticas;<\/em><\/p>\n<p><em>&#8211; nesse sentido, com rela\u00e7\u00e3o \u00e0 \u201cNota P\u00fablica da AUD-TCU\u201d divulgada, esclarecemos que nenhum dos membros da Chapa 2 responde a qualquer tipo de processo administrativo disciplinar, penal, c\u00edvel, inqu\u00e9rito policial ou den\u00fancia do Minist\u00e9rio P\u00fablico em que se apure a pr\u00e1tica de qualquer irregularidade. Tamb\u00e9m n\u00e3o h\u00e1 qualquer esp\u00e9cie de condena\u00e7\u00e3o contra qualquer dos seus membros, em qualquer inst\u00e2ncia ou tribunal;<\/em><\/p>\n<p><em>&#8211; o exerc\u00edcio de peticionar, representar ou reclamar \u00e9 um direito constitucional que n\u00e3o pode ser tolhido. Por\u00e9m, merece destaque que nenhuma das \u201crepresenta\u00e7\u00f5es\u201d citadas na nota (subscritas, diga-se, por integrantes da pr\u00f3pria \u201cAUD-TCU\u201d) avan\u00e7aram no \u00e2mbito do TCU ou do Minist\u00e9rio P\u00fablico. N\u00e3o houve a apresenta\u00e7\u00e3o de qualquer den\u00fancia na Justi\u00e7a ou a abertura de qualquer processo disciplinar contra qualquer membro da chapa;<\/em><\/p>\n<p><em>&#8211; ao contr\u00e1rio, na \u201crepresenta\u00e7\u00e3o\u201d em que se conferiu a apresenta\u00e7\u00e3o de documentos para a posse no cargo de determinado candidato, j\u00e1 houve, inclusive, decis\u00e3o da Presid\u00eancia do TCU pelo INDEFERIMENTO de todos os pedidos da dita \u201crepresentante\u201d, ap\u00f3s a manifesta\u00e7\u00e3o un\u00e2nime da Secretaria de Gest\u00e3o de Pessoas e da Secretaria-Geral de Administra\u00e7\u00e3o do Tribunal no mesmo sentido;<\/em><\/p>\n<p><em>&#8211; por fim, com rela\u00e7\u00e3o ao suposto \u201cprocesso de controle externo por dano ao er\u00e1rio\u201d, a \u201centidade\u201d omite propositalmente a informa\u00e7\u00e3o de que j\u00e1 h\u00e1 parecer do pr\u00f3prio Minist\u00e9rio P\u00fablico de Contas junto ao TCU (que foi inicialmente provocado por ela) opinando pelo arquivamento sum\u00e1rio da referida \u201crepresenta\u00e7\u00e3o\u201d.<\/em><\/p>\n<p><em>A Chapa 2 \u2013 Fiscaliza\u00e7\u00e3o e Resultado \u2013 defende a apura\u00e7\u00e3o de quaisquer suspeitas de irregularidades que pairem sobre quaisquer agentes p\u00fablicos, em especial, de seus integrantes (os quais, em maioria, j\u00e1 integram os \u00f3rg\u00e3os colegiados da Funpresp), mas repudia, em igual medida, todo e qualquer denuncismo irrespons\u00e1vel e oportunista.<\/em><\/p>\n<p><em>Somos a \u00fanica Chapa que defende abertamente a aplica\u00e7\u00e3o integral da Lei da Ficha Limpa, da implementa\u00e7\u00e3o de uma Pol\u00edtica Efetiva de Preven\u00e7\u00e3o a Conflitos de Interesses, bem como a transpar\u00eancia total da Funda\u00e7\u00e3o, enquanto entidade de natureza p\u00fablica, conforme determina a Constitui\u00e7\u00e3o.&#8221;<\/em><\/p>\n<p>&nbsp;<\/p>\n<p><em>Bras\u00edlia, 22h25min<\/em><\/p>\n","protected":false},"excerpt":{"rendered":"<p>Para confirmar como est\u00e1 pesado o jogo na disputa pelo comando da Funpresp, a funda\u00e7\u00e3o de previd\u00eancia complementar dos servidores federais, a Chapa 2, em nota enviada ao Blog, avisa que vai processar a AUD-TCU. A raz\u00e3o: a associa\u00e7\u00e3o que representa os auditores do Tribunal de Contas da Uni\u00e3o (TCU) recomendou a esses profissionais que [&hellip;]<\/p>\n","protected":false},"author":22,"featured_media":0,"comment_status":"open","ping_status":"closed","sticky":false,"template":"","format":"standard","meta":{"footnotes":""},"categories":[600],"tags":[3688,3687,665,2654,1189,3678],"class_list":["post-9930","post","type-post","status-publish","format-standard","hentry","category-economia","tag-aud-tcu","tag-chapa-2","tag-eleicoes","tag-fundo","tag-funpresp","tag-pensao"],"_links":{"self":[{"href":"https:\/\/blogs.correiobraziliense.com.br\/vicente\/wp-json\/wp\/v2\/posts\/9930","targetHints":{"allow":["GET"]}}],"collection":[{"href":"https:\/\/blogs.correiobraziliense.com.br\/vicente\/wp-json\/wp\/v2\/posts"}],"about":[{"href":"https:\/\/blogs.correiobraziliense.com.br\/vicente\/wp-json\/wp\/v2\/types\/post"}],"author":[{"embeddable":true,"href":"https:\/\/blogs.correiobraziliense.com.br\/vicente\/wp-json\/wp\/v2\/users\/22"}],"replies":[{"embeddable":true,"href":"https:\/\/blogs.correiobraziliense.com.br\/vicente\/wp-json\/wp\/v2\/comments?post=9930"}],"version-history":[{"count":1,"href":"https:\/\/blogs.correiobraziliense.com.br\/vicente\/wp-json\/wp\/v2\/posts\/9930\/revisions"}],"predecessor-version":[{"id":9931,"href":"https:\/\/blogs.correiobraziliense.com.br\/vicente\/wp-json\/wp\/v2\/posts\/9930\/revisions\/9931"}],"wp:attachment":[{"href":"https:\/\/blogs.correiobraziliense.com.br\/vicente\/wp-json\/wp\/v2\/media?parent=9930"}],"wp:term":[{"taxonomy":"category","embeddable":true,"href":"https:\/\/blogs.correiobraziliense.com.br\/vicente\/wp-json\/wp\/v2\/categories?post=9930"},{"taxonomy":"post_tag","embeddable":true,"href":"https:\/\/blogs.correiobraziliense.com.br\/vicente\/wp-json\/wp\/v2\/tags?post=9930"}],"curies":[{"name":"wp","href":"https:\/\/api.w.org\/{rel}","templated":true}]}}