{"id":9921,"date":"2019-02-04T18:20:40","date_gmt":"2019-02-04T20:20:40","guid":{"rendered":"https:\/\/blogs.correiobraziliense.com.br\/vicente\/?p=9921"},"modified":"2019-02-04T19:34:28","modified_gmt":"2019-02-04T21:34:28","slug":"lucro-da-caixa-em-2018-ficou-entre-r-155-bi-e-r-165-bi","status":"publish","type":"post","link":"https:\/\/blogs.correiobraziliense.com.br\/vicente\/lucro-da-caixa-em-2018-ficou-entre-r-155-bi-e-r-165-bi\/","title":{"rendered":"Lucro da Caixa em 2018 ficou entre R$ 15,5 bi e R$ 16,5 bi"},"content":{"rendered":"<h2>T\u00e9cnicos que trabalham no fechamento do balan\u00e7o da Caixa Econ\u00f4mica Federal, que ser\u00e1 divulgado em mar\u00e7o, indicam que o lucro l\u00edquido da institui\u00e7\u00e3o em 2018 cravar\u00e1 novo recorde.<\/h2>\n<p>&nbsp;<\/p>\n<figure id=\"attachment_9925\" aria-describedby=\"caption-attachment-9925\" style=\"width: 589px\" class=\"wp-caption alignleft\"><a href=\"https:\/\/blogs.correiobraziliense.com.br\/vicente\/wp-content\/uploads\/sites\/16\/2019\/02\/Caixa.jpg\"><img loading=\"lazy\" decoding=\"async\" class=\" wp-image-9925\" src=\"https:\/\/blogs.correiobraziliense.com.br\/vicente\/wp-content\/uploads\/sites\/16\/2019\/02\/Caixa.jpg\" alt=\"\" width=\"589\" height=\"391\" srcset=\"https:\/\/blogs.correiobraziliense.com.br\/vicente\/wp-content\/uploads\/sites\/16\/2019\/02\/Caixa.jpg 675w, https:\/\/blogs.correiobraziliense.com.br\/vicente\/wp-content\/uploads\/sites\/16\/2019\/02\/Caixa-300x199.jpg 300w, https:\/\/blogs.correiobraziliense.com.br\/vicente\/wp-content\/uploads\/sites\/16\/2019\/02\/Caixa-350x232.jpg 350w, https:\/\/blogs.correiobraziliense.com.br\/vicente\/wp-content\/uploads\/sites\/16\/2019\/02\/Caixa-550x365.jpg 550w, https:\/\/blogs.correiobraziliense.com.br\/vicente\/wp-content\/uploads\/sites\/16\/2019\/02\/Caixa-230x153.jpg 230w\" sizes=\"auto, (max-width: 589px) 100vw, 589px\" \/><\/a><figcaption id=\"caption-attachment-9925\" class=\"wp-caption-text\">Foto: Daniel Ferreira\/CB\/D.A Press<\/figcaption><\/figure>\n<p>Segundo a Confedera\u00e7\u00e3o Nacional dos Trabalhadores nas Empresas de Cr\u00e9dito ( Contec Brasil), funcion\u00e1rios da Caixa envolvidos com os n\u00fameros dizem que o lucro do banco ficou, em 2018, entre R$ 15,5 bilh\u00f5es e R$ 16,5 bilh\u00f5es.<\/p>\n<p>&nbsp;<\/p>\n<p>Em 2017, a Caixa havia contabilizado lucro l\u00edquido de R$ 12,5 bilh\u00f5es, superando, inclusive, o resultado do Banco do Brasil, que ficou em R$ 12,1 bilh\u00f5es. Os t\u00e9cnicos garantem que, de novo, a Caixa superar\u00e1 o BB.<\/p>\n<p>&nbsp;<\/p>\n<p>O resultado da Caixa, dizem funcion\u00e1rios da institui\u00e7\u00e3o controlada pelo Tesouro, est\u00e1 baseado em tr\u00eas fatores: aumento da receita com presta\u00e7\u00e3o de servi\u00e7os, redu\u00e7\u00e3o de despesas administrativas, por causa do al\u00edvio na folha de pagamento com a sa\u00edda de quase 3 mil banc\u00e1rios, e aumento da intermedia\u00e7\u00e3o financeira.<\/p>\n<p>&nbsp;<\/p>\n<p><strong>Venda de ativos<\/strong><\/p>\n<p>&nbsp;<\/p>\n<p>Quando deixou o comando da Caixa, no in\u00edcio de janeiro deste ano, Nelson Antonio de Souza j\u00e1 previa um resultado pr\u00f3ximo de R$ 15 bilh\u00f5es em 2018, com inadimpl\u00eancia em baixa.<\/p>\n<p>&nbsp;<\/p>\n<p>O novo presidente do banco, Pedro Guimar\u00e3es, tem dito que, por determina\u00e7\u00e3o do Pal\u00e1cio do Planalto, a Caixa vai mudar completamente seu foco de atua\u00e7\u00e3o, passando a priorizar empr\u00e9stimos aos pequenos empres\u00e1rios.<\/p>\n<p>&nbsp;<\/p>\n<p>Ele vem ressaltando ainda que a Caixa vender\u00e1, at\u00e9 2020, partes de pelo menos quatro empresas que est\u00e3o sob seu controle nas \u00e1reas de loterias, seguros, cart\u00f5es e gest\u00e3o de recursos.<\/p>\n<p>&nbsp;<\/p>\n<p><strong>Empregados<\/strong><\/p>\n<p>&nbsp;<\/p>\n<p>Os bons resultados da Caixa animam, principalmente, os funcion\u00e1rios da institui\u00e7\u00e3o, pois, quanto maiores forem os ganhos, mais ele recebem por meio da participa\u00e7\u00e3o nos lucros (PLR).<\/p>\n<p>&nbsp;<\/p>\n<p>Pelo Acordo Coletivo de Trabalho fechado com o banco, a Caixa tem at\u00e9 30 de mar\u00e7o para efetuar o pagamento da PLR a seus empregados.<\/p>\n<p>&nbsp;<\/p>\n<p>O benef\u00edcio \u00e9\u00a0composto por 90% do sal\u00e1rio base, mais parcela adicional de 2,2% do lucro l\u00edquido dividido pelo n\u00famero total de funcion\u00e1rios em partes iguais, al\u00e9m da PLR Social.<\/p>\n<p>&nbsp;<\/p>\n<p><em>Bras\u00edlia, 18h20min<\/em><\/p>\n","protected":false},"excerpt":{"rendered":"<p>T\u00e9cnicos que trabalham no fechamento do balan\u00e7o da Caixa Econ\u00f4mica Federal, que ser\u00e1 divulgado em mar\u00e7o, indicam que o lucro l\u00edquido da institui\u00e7\u00e3o em 2018 cravar\u00e1 novo recorde. &nbsp; Segundo a Confedera\u00e7\u00e3o Nacional dos Trabalhadores nas Empresas de Cr\u00e9dito ( Contec Brasil), funcion\u00e1rios da Caixa envolvidos com os n\u00fameros dizem que o lucro do banco [&hellip;]<\/p>\n","protected":false},"author":22,"featured_media":0,"comment_status":"open","ping_status":"closed","sticky":false,"template":"","format":"standard","meta":{"footnotes":""},"categories":[600],"tags":[489,3685,2592,378,110,2441,3684,3686],"class_list":["post-9921","post","type-post","status-publish","format-standard","hentry","category-economia","tag-489","tag-5-bi","tag-banco","tag-brasil","tag-caixa","tag-lucro","tag-r-15","tag-r-16"],"_links":{"self":[{"href":"https:\/\/blogs.correiobraziliense.com.br\/vicente\/wp-json\/wp\/v2\/posts\/9921","targetHints":{"allow":["GET"]}}],"collection":[{"href":"https:\/\/blogs.correiobraziliense.com.br\/vicente\/wp-json\/wp\/v2\/posts"}],"about":[{"href":"https:\/\/blogs.correiobraziliense.com.br\/vicente\/wp-json\/wp\/v2\/types\/post"}],"author":[{"embeddable":true,"href":"https:\/\/blogs.correiobraziliense.com.br\/vicente\/wp-json\/wp\/v2\/users\/22"}],"replies":[{"embeddable":true,"href":"https:\/\/blogs.correiobraziliense.com.br\/vicente\/wp-json\/wp\/v2\/comments?post=9921"}],"version-history":[{"count":3,"href":"https:\/\/blogs.correiobraziliense.com.br\/vicente\/wp-json\/wp\/v2\/posts\/9921\/revisions"}],"predecessor-version":[{"id":9927,"href":"https:\/\/blogs.correiobraziliense.com.br\/vicente\/wp-json\/wp\/v2\/posts\/9921\/revisions\/9927"}],"wp:attachment":[{"href":"https:\/\/blogs.correiobraziliense.com.br\/vicente\/wp-json\/wp\/v2\/media?parent=9921"}],"wp:term":[{"taxonomy":"category","embeddable":true,"href":"https:\/\/blogs.correiobraziliense.com.br\/vicente\/wp-json\/wp\/v2\/categories?post=9921"},{"taxonomy":"post_tag","embeddable":true,"href":"https:\/\/blogs.correiobraziliense.com.br\/vicente\/wp-json\/wp\/v2\/tags?post=9921"}],"curies":[{"name":"wp","href":"https:\/\/api.w.org\/{rel}","templated":true}]}}