{"id":9918,"date":"2019-02-04T17:42:50","date_gmt":"2019-02-04T19:42:50","guid":{"rendered":"https:\/\/blogs.correiobraziliense.com.br\/vicente\/?p=9918"},"modified":"2019-02-04T17:45:20","modified_gmt":"2019-02-04T19:45:20","slug":"governo-nao-confirma-idade-minima-de-65-anos-para-aposentadoria","status":"publish","type":"post","link":"https:\/\/blogs.correiobraziliense.com.br\/vicente\/governo-nao-confirma-idade-minima-de-65-anos-para-aposentadoria\/","title":{"rendered":"Governo n\u00e3o confirma idade m\u00ednima de 65 anos para aposentadoria\u00a0"},"content":{"rendered":"<h2>HAMILTON FERRARI<\/h2>\n<h2><\/h2>\n<h2>O governo federal ainda n\u00e3o deu as primeiras informa\u00e7\u00f5es oficiais sobre as medidas que entrar\u00e3o na reforma da Previd\u00eancia. O secret\u00e1rio da Previd\u00eancia do Minist\u00e9rio da Economia, Rog\u00e9rio Marinho, disse, durante entrevista na tarde desta segunda-feira (4\/2), que a idade m\u00ednima de 65 anos entre homens e mulheres para a aposentadoria \u00e9 apenas uma das possibilidades que est\u00e3o sendo estudadas.<\/h2>\n<h2><\/h2>\n<p>As declara\u00e7\u00f5es foram dadas na sede do Minist\u00e9rio da Economia, em Bras\u00edlia. Uma minuta da proposta de reforma veio \u00e0 tona na tarde de segunda, ap\u00f3s divulga\u00e7\u00e3o do\u00a0 jornal <em>O Estado de S.Paulo<\/em>, em que estabelece idade m\u00ednima de 65 anos para ambos os g\u00eaneros.<\/p>\n<p>&nbsp;<\/p>\n<p>De acordo com Marinho, o que foi vazado \u00e9 \u201cum dos textos que est\u00e3o sendo analisados\u201d. \u201cN\u00f3s, durante esse per\u00edodo que antecedeu inclusive a posse, ou seja, no per\u00edodo de transi\u00e7\u00e3o, e agora nos \u00faltimos 30 dias, estamos debru\u00e7ados diante v\u00e1rias simula\u00e7\u00f5es. O texto aguarda a valida\u00e7\u00e3o do presidente da Rep\u00fablica, que ainda est\u00e1 convalescendo\u201d, declarou.<\/p>\n<p>&nbsp;<\/p>\n<p>O secret\u00e1rio ressaltou ainda que o governo est\u00e1 em processo permanente de negocia\u00e7\u00e3o com os \u201cdiversos atores que ser\u00e3o impactados pela nova Previd\u00eancia\u201d. \u201cEstamos conversando com governadores, prefeitos, com a sociedade civil organizada, e agora com o Congresso Nacional rec\u00e9m eleito, inclusive com o presidente da C\u00e2mara e o presidente do Senado da Rep\u00fablica para tratarmos de que forma o texto ser\u00e1 consolidado e em que momento ser\u00e1 enviado para o Congresso Nacional\u201d, disse.<\/p>\n<p>&nbsp;<\/p>\n<p>Segundo Marinho, a minuto vazada \u00e9 apenas um \u201cdos muitos\u201d que est\u00e3o em avalia\u00e7\u00e3o entre os t\u00e9cnicos. O ministro da Casa-Civil, Onyx Lorenzoni, declarou, por\u00e9m, na \u00faltima sexta-feira (1\u00ba\/2), que o texto da reforma da Previd\u00eancia j\u00e1 estava pronto.<\/p>\n<p>&nbsp;<\/p>\n<p>O porta-voz da Presid\u00eancia da Rep\u00fablica, Ot\u00e1vio R\u00eago Barros, ressaltou que o documento \u201cn\u00e3o cont\u00e9m a totalidade dos aspectos que est\u00e3o sendo estudados pelo governo e algumas das informa\u00e7\u00f5es n\u00e3o s\u00e3o efetivas\u201d. \u201cO presidente continua estudando junto com sua equipe econ\u00f4mica e posteriormente, estabelecer\u00e1 diretrizes para interlocu\u00e7\u00e3o e vota\u00e7\u00e3o. Aspectos contidos em qualquer documentos n\u00e3o podem ser validados no momento, pois o presidente ainda est\u00e1 a estudar os detalhes com essa equipe. Tira daqui, coloca ali, de forma que o melhor projeto seja direcionado ao Congresso\u201d, alegou.<\/p>\n<p>&nbsp;<\/p>\n<p>Reforma<\/p>\n<p>&nbsp;<\/p>\n<p>De acordo com a minuta que vazou, os trabalhadores dever\u00e3o ter pelo menos 65 anos para se aposentarem, seja homens ou mulheres. O governo tamb\u00e9m estuda idade m\u00ednima de 65 anos para homens e 62 anos para mulheres, assim como 62 anos e 57 anos, respectivamente.<\/p>\n<p>&nbsp;<\/p>\n<p>A minuta diz ainda que, com 20 anos de contribui\u00e7\u00e3o, o trabalhador ter\u00e1 direito de 60% do benef\u00edcio, caso tenha os 65 anos. No regime dos servidores p\u00fablicos, a contribui\u00e7\u00e3o m\u00ednima come\u00e7ar\u00e1 com 25 anos, sendo necess\u00e1rios os mesmos 40 anos para obter 100% do benef\u00edcio.<\/p>\n<p>&nbsp;<\/p>\n<p><em>Bras\u00edlia,17h40min<\/em><\/p>\n<div><\/div>\n","protected":false},"excerpt":{"rendered":"<p>HAMILTON FERRARI O governo federal ainda n\u00e3o deu as primeiras informa\u00e7\u00f5es oficiais sobre as medidas que entrar\u00e3o na reforma da Previd\u00eancia. O secret\u00e1rio da Previd\u00eancia do Minist\u00e9rio da Economia, Rog\u00e9rio Marinho, disse, durante entrevista na tarde desta segunda-feira (4\/2), que a idade m\u00ednima de 65 anos entre homens e mulheres para a aposentadoria \u00e9 apenas [&hellip;]<\/p>\n","protected":false},"author":22,"featured_media":0,"comment_status":"open","ping_status":"closed","sticky":false,"template":"","format":"standard","meta":{"footnotes":""},"categories":[600],"tags":[3683,467,946,3682,429,614],"class_list":["post-9918","post","type-post","status-publish","format-standard","hentry","category-economia","tag-3683","tag-governo","tag-idade","tag-minima","tag-previdencia","tag-reforma"],"_links":{"self":[{"href":"https:\/\/blogs.correiobraziliense.com.br\/vicente\/wp-json\/wp\/v2\/posts\/9918","targetHints":{"allow":["GET"]}}],"collection":[{"href":"https:\/\/blogs.correiobraziliense.com.br\/vicente\/wp-json\/wp\/v2\/posts"}],"about":[{"href":"https:\/\/blogs.correiobraziliense.com.br\/vicente\/wp-json\/wp\/v2\/types\/post"}],"author":[{"embeddable":true,"href":"https:\/\/blogs.correiobraziliense.com.br\/vicente\/wp-json\/wp\/v2\/users\/22"}],"replies":[{"embeddable":true,"href":"https:\/\/blogs.correiobraziliense.com.br\/vicente\/wp-json\/wp\/v2\/comments?post=9918"}],"version-history":[{"count":2,"href":"https:\/\/blogs.correiobraziliense.com.br\/vicente\/wp-json\/wp\/v2\/posts\/9918\/revisions"}],"predecessor-version":[{"id":9920,"href":"https:\/\/blogs.correiobraziliense.com.br\/vicente\/wp-json\/wp\/v2\/posts\/9918\/revisions\/9920"}],"wp:attachment":[{"href":"https:\/\/blogs.correiobraziliense.com.br\/vicente\/wp-json\/wp\/v2\/media?parent=9918"}],"wp:term":[{"taxonomy":"category","embeddable":true,"href":"https:\/\/blogs.correiobraziliense.com.br\/vicente\/wp-json\/wp\/v2\/categories?post=9918"},{"taxonomy":"post_tag","embeddable":true,"href":"https:\/\/blogs.correiobraziliense.com.br\/vicente\/wp-json\/wp\/v2\/tags?post=9918"}],"curies":[{"name":"wp","href":"https:\/\/api.w.org\/{rel}","templated":true}]}}