{"id":9886,"date":"2019-01-31T13:31:45","date_gmt":"2019-01-31T15:31:45","guid":{"rendered":"https:\/\/blogs.correiobraziliense.com.br\/vicente\/?p=9886"},"modified":"2019-01-31T13:31:45","modified_gmt":"2019-01-31T15:31:45","slug":"marinho-idade-minima-da-reforma-da-previdencia-ainda-nao-esta-definida","status":"publish","type":"post","link":"https:\/\/blogs.correiobraziliense.com.br\/vicente\/marinho-idade-minima-da-reforma-da-previdencia-ainda-nao-esta-definida\/","title":{"rendered":"Marinho: idade m\u00ednima da reforma da Previd\u00eancia ainda n\u00e3o est\u00e1 definida"},"content":{"rendered":"<h2><span style=\"font-weight: 400\">ROSANA HESSEL<\/span><\/h2>\n<h2><\/h2>\n<h2><span style=\"font-weight: 400\">O governo n\u00e3o bateu o martelo sobre a idade m\u00ednima da reforma da Previd\u00eancia, de acordo com o secret\u00e1rio especial de Previd\u00eancia e Trabalho do Minist\u00e9rio da Economia, Rog\u00e9rio Marinho. Segundo ele, 57 anos para as mulheres e 62 anos para os homens, como foi aventado pelos representantes da Frente Nacional dos Prefeitos (FNP), ontem, ap\u00f3s uma reuni\u00e3o com o ministro da Economia, Paulo Guedes, est\u00e1 na mesa, mas n\u00e3o \u00e9 uma certeza no desenho que est\u00e1 sendo feito pela equipe econ\u00f4mica. No entanto, ele garantiu que os militares estar\u00e3o na mesma proposta, que ser\u00e1 \u00fanica.<\/span><\/h2>\n<p>&nbsp;<\/p>\n<p><span style=\"font-weight: 400\">\u201cEssa \u00e9 uma das possibilidades e um dos cen\u00e1rios que foram levados (na reuni\u00e3o) com os prefeitos. N\u00e3o est\u00e1 fechado\u201d, afirmou Marinho, ap\u00f3s participar de uma reuni\u00e3o com Guedes e o ministro-chefe da Secretaria de Governo <\/span><span style=\"font-weight: 400\">da Presid\u00eancia, Carlos Alberto Santos Cruz, na sede do Minist\u00e9rio da Economia.<\/span><\/p>\n<p>&nbsp;<\/p>\n<p><span style=\"font-weight: 400\">Marinho refor\u00e7ou que os militares estar\u00e3o na proposta de reforma, que ser\u00e1 \u00fanica para todas as categorias. \u201cO timing quem vai determinar \u00e9 o ministro. A gente espera anunciar tudo quando fecharmos a proposta\u201d, disse o secret\u00e1rio, que vem sinalizando que pretende entregar o projeto da reforma no Congresso Nacional at\u00e9 a terceira semana de fevereiro. No entanto, ele n\u00e3o confirmou qual ser\u00e1 o prazo de transi\u00e7\u00e3o do regime atual para o novo, que ser\u00e1 de capitaliza\u00e7\u00e3o. <\/span><\/p>\n<p>&nbsp;<\/p>\n<p><span style=\"font-weight: 400\">Ontem, em reuni\u00e3o com os prefeitos, Guedes tamb\u00e9m sinalizou que a reforma da Previd\u00eancia valer\u00e1 para estados e munic\u00edpios, o que agradou muito os representantes da FNP.<\/span><\/p>\n","protected":false},"excerpt":{"rendered":"<p>O governo n\u00e3o bateu o martelo sobre a idade m\u00ednima da reforma da Previd\u00eancia, de acordo com o secret\u00e1rio especial de Previd\u00eancia e Trabalho do Minist\u00e9rio da Economia, Rog\u00e9rio Marinho. Segundo ele, 57 anos para as mulheres e 62 anos para os homens, como foi aventado pelos representantes da Frente Nacional dos Prefeitos (FNP), ontem, ap\u00f3s uma reuni\u00e3o com o ministro da Economia, Paulo Guedes, est\u00e1 na mesa, mas n\u00e3o \u00e9 uma certeza no desenho que est\u00e1 sendo feito pela equipe econ\u00f4mica. No entanto, ele garantiu que os militares estar\u00e3o na mesma proposta, que ser\u00e1 \u00fanica.<\/p>\n","protected":false},"author":22,"featured_media":0,"comment_status":"open","ping_status":"closed","sticky":false,"template":"","format":"standard","meta":{"footnotes":""},"categories":[600],"tags":[3664,843,769,3613,933,1169],"class_list":["post-9886","post","type-post","status-publish","format-standard","hentry","category-economia","tag-rogerio-marinho","tag-idade-minima","tag-militares","tag-paulo-guedes","tag-reforma-da-previdencia","tag-transicao"],"_links":{"self":[{"href":"https:\/\/blogs.correiobraziliense.com.br\/vicente\/wp-json\/wp\/v2\/posts\/9886","targetHints":{"allow":["GET"]}}],"collection":[{"href":"https:\/\/blogs.correiobraziliense.com.br\/vicente\/wp-json\/wp\/v2\/posts"}],"about":[{"href":"https:\/\/blogs.correiobraziliense.com.br\/vicente\/wp-json\/wp\/v2\/types\/post"}],"author":[{"embeddable":true,"href":"https:\/\/blogs.correiobraziliense.com.br\/vicente\/wp-json\/wp\/v2\/users\/22"}],"replies":[{"embeddable":true,"href":"https:\/\/blogs.correiobraziliense.com.br\/vicente\/wp-json\/wp\/v2\/comments?post=9886"}],"version-history":[{"count":1,"href":"https:\/\/blogs.correiobraziliense.com.br\/vicente\/wp-json\/wp\/v2\/posts\/9886\/revisions"}],"predecessor-version":[{"id":9887,"href":"https:\/\/blogs.correiobraziliense.com.br\/vicente\/wp-json\/wp\/v2\/posts\/9886\/revisions\/9887"}],"wp:attachment":[{"href":"https:\/\/blogs.correiobraziliense.com.br\/vicente\/wp-json\/wp\/v2\/media?parent=9886"}],"wp:term":[{"taxonomy":"category","embeddable":true,"href":"https:\/\/blogs.correiobraziliense.com.br\/vicente\/wp-json\/wp\/v2\/categories?post=9886"},{"taxonomy":"post_tag","embeddable":true,"href":"https:\/\/blogs.correiobraziliense.com.br\/vicente\/wp-json\/wp\/v2\/tags?post=9886"}],"curies":[{"name":"wp","href":"https:\/\/api.w.org\/{rel}","templated":true}]}}