{"id":9881,"date":"2019-01-31T12:51:15","date_gmt":"2019-01-31T14:51:15","guid":{"rendered":"https:\/\/blogs.correiobraziliense.com.br\/vicente\/?p=9881"},"modified":"2019-01-31T13:16:04","modified_gmt":"2019-01-31T15:16:04","slug":"inss-liberara-recursos-para-vitimas-de-brumadinho","status":"publish","type":"post","link":"https:\/\/blogs.correiobraziliense.com.br\/vicente\/inss-liberara-recursos-para-vitimas-de-brumadinho\/","title":{"rendered":"INSS liberar\u00e1 recursos para v\u00edtimas de Brumadinho"},"content":{"rendered":"<h2>ROSANA HESSEL<\/h2>\n<h2><\/h2>\n<h2>O governo federal est\u00e1 articulando um socorro \u00e0s v\u00edtimas do desastre ambiental de Brumadinho (MG) por meio de benef\u00edcios do Instituto Nacional de Servi\u00e7o Social (INSS), de acordo com o secret\u00e1rio especial de Previd\u00eancia e Trabalho do Minist\u00e9rio da Economia, Rog\u00e9rio Marinho.<\/h2>\n<p>&nbsp;<\/p>\n<p>\u201cO governo prepara uma a\u00e7\u00e3o em rela\u00e7\u00e3o a Brumadinho para socorro financeiro dos desabrigados daquela regi\u00e3o\u201d, disse Marinho ap\u00f3s reuni\u00e3o de aproximadamente duas horas com o ministro da Economia, Paulo Guedes, na sede da pasta.<\/p>\n<p>&nbsp;<\/p>\n<p>Segundo o secret\u00e1rio, est\u00e1 sendo definido o cronograma de a\u00e7\u00f5es de pagamentos de abonos e benef\u00edcios aos desabrigados e familiares das v\u00edtimas fatais, que j\u00e1 somam 99, confirmados. Ele n\u00e3o revelou os valores que ser\u00e3o destinados nesse socorro. As medidas est\u00e3o sendo definidas o an\u00fancio ser\u00e1 feito na sexta-feira (01\/02).<\/p>\n<p>&nbsp;<\/p>\n<p>O ministro-chefe da Secretaria de Governo da Presid\u00eancia, Carlos Alberto Santos Cruz, tamb\u00e9m participou do encontro com Guedes, que teve como um dos principais assuntos a reforma da Previd\u00eancia. Marinho disse que a reuni\u00e3o foi de \u201crotina\u201d e tamb\u00e9m foram tratadas \u201cquest\u00f5es burocr\u00e1ticas da secretaria que ele chefia.<\/p>\n<p>&nbsp;<\/p>\n<p>A nova estrutura da Economia come\u00e7ou a funcionar oficialmente na quarta-feira (30\/01), quando foi concretizada a extin\u00e7\u00e3o de 2,9 mil cargos comissionados com a fus\u00e3o dos minist\u00e9rios da Fazenda, do Planejamento, da Ind\u00fastria, Com\u00e9rcio Exterior e Servi\u00e7os (Mdic) e de uma parte do Minist\u00e9rio do Trabalho.<\/p>\n<p>&nbsp;<\/p>\n<p><em>12h51min<\/em><\/p>\n","protected":false},"excerpt":{"rendered":"<p>ROSANA HESSEL O governo federal est\u00e1 articulando um socorro \u00e0s v\u00edtimas do desastre ambiental de Brumadinho (MG) por meio de benef\u00edcios do Instituto Nacional de Servi\u00e7o Social (INSS), de acordo com o secret\u00e1rio especial de Previd\u00eancia e Trabalho do Minist\u00e9rio da Economia, Rog\u00e9rio Marinho. &nbsp; \u201cO governo prepara uma a\u00e7\u00e3o em rela\u00e7\u00e3o a Brumadinho para [&hellip;]<\/p>\n","protected":false},"author":22,"featured_media":0,"comment_status":"open","ping_status":"closed","sticky":false,"template":"","format":"standard","meta":{"footnotes":""},"categories":[600],"tags":[],"class_list":["post-9881","post","type-post","status-publish","format-standard","hentry","category-economia"],"_links":{"self":[{"href":"https:\/\/blogs.correiobraziliense.com.br\/vicente\/wp-json\/wp\/v2\/posts\/9881","targetHints":{"allow":["GET"]}}],"collection":[{"href":"https:\/\/blogs.correiobraziliense.com.br\/vicente\/wp-json\/wp\/v2\/posts"}],"about":[{"href":"https:\/\/blogs.correiobraziliense.com.br\/vicente\/wp-json\/wp\/v2\/types\/post"}],"author":[{"embeddable":true,"href":"https:\/\/blogs.correiobraziliense.com.br\/vicente\/wp-json\/wp\/v2\/users\/22"}],"replies":[{"embeddable":true,"href":"https:\/\/blogs.correiobraziliense.com.br\/vicente\/wp-json\/wp\/v2\/comments?post=9881"}],"version-history":[{"count":1,"href":"https:\/\/blogs.correiobraziliense.com.br\/vicente\/wp-json\/wp\/v2\/posts\/9881\/revisions"}],"predecessor-version":[{"id":9882,"href":"https:\/\/blogs.correiobraziliense.com.br\/vicente\/wp-json\/wp\/v2\/posts\/9881\/revisions\/9882"}],"wp:attachment":[{"href":"https:\/\/blogs.correiobraziliense.com.br\/vicente\/wp-json\/wp\/v2\/media?parent=9881"}],"wp:term":[{"taxonomy":"category","embeddable":true,"href":"https:\/\/blogs.correiobraziliense.com.br\/vicente\/wp-json\/wp\/v2\/categories?post=9881"},{"taxonomy":"post_tag","embeddable":true,"href":"https:\/\/blogs.correiobraziliense.com.br\/vicente\/wp-json\/wp\/v2\/tags?post=9881"}],"curies":[{"name":"wp","href":"https:\/\/api.w.org\/{rel}","templated":true}]}}