{"id":9878,"date":"2019-01-31T12:37:50","date_gmt":"2019-01-31T14:37:50","guid":{"rendered":"https:\/\/blogs.correiobraziliense.com.br\/vicente\/?p=9878"},"modified":"2019-01-31T13:17:47","modified_gmt":"2019-01-31T15:17:47","slug":"vice-governador-de-minas-erra-predio-na-esplanada","status":"publish","type":"post","link":"https:\/\/blogs.correiobraziliense.com.br\/vicente\/vice-governador-de-minas-erra-predio-na-esplanada\/","title":{"rendered":"Vice-governador de Minas erra pr\u00e9dio na Esplanada"},"content":{"rendered":"<h2>ROSANA HESSEL<\/h2>\n<h2>O vice-governador de Minas Gerais, Paulo Brant (Novo), chegou ao pr\u00e9dio P da Esplanada dos Minist\u00e9rios, onde fica o gabinete do ministro da Economia, Paulo Guedes, na manh\u00e3 desta quinta-feira (31\/01), por engano para uma reuni\u00e3o com t\u00e9cnicos da pasta sobre desastre ambiental de Brumadinho. Ele subiu e desceu cinco minutos depois contando que errou o pr\u00e9dio, mas voltar\u00e1 por volta das 14h30 para se reunir com o ministro Paulo Guedes.<\/h2>\n<h2><\/h2>\n<p>Brant chegou bem no momento em que Guedes estava reunido com o secret\u00e1rio de Previd\u00eancia e Trabalho, Rog\u00e9rio Marinho e o ministro-chefe da Secretaria de Governo da Presid\u00eancia, Carlos Alberto Santos Cruz, para discutirem sobre a reforma da Previd\u00eancia.<\/p>\n<p>&nbsp;<\/p>\n<p>O secret\u00e1rio-executivo da pasta, Marcelo Guaranys, tamb\u00e9m integrava o grupo da reuni\u00e3o que teve in\u00edcio ap\u00f3s a visita do embaixador interino dos EUA no Brasil, William Popp, conforme a agenda divulgada pela pasta. Contudo, o encontro com o vice-governador n\u00e3o est\u00e1 na agenda p\u00fablica do minist\u00e9rio.<\/p>\n<p>&nbsp;<\/p>\n<p><em>Bras\u00edlia, 12h33min<\/em><\/p>\n","protected":false},"excerpt":{"rendered":"<p>ROSANA HESSEL O vice-governador de Minas Gerais, Paulo Brant (Novo), chegou ao pr\u00e9dio P da Esplanada dos Minist\u00e9rios, onde fica o gabinete do ministro da Economia, Paulo Guedes, na manh\u00e3 desta quinta-feira (31\/01), por engano para uma reuni\u00e3o com t\u00e9cnicos da pasta sobre desastre ambiental de Brumadinho. Ele subiu e desceu cinco minutos depois contando [&hellip;]<\/p>\n","protected":false},"author":22,"featured_media":0,"comment_status":"open","ping_status":"closed","sticky":false,"template":"","format":"standard","meta":{"footnotes":""},"categories":[600],"tags":[3672,3670,3671,3042,3669],"class_list":["post-9878","post","type-post","status-publish","format-standard","hentry","category-economia","tag-brumadinho","tag-esplanada","tag-minas","tag-predio","tag-vice-governador"],"_links":{"self":[{"href":"https:\/\/blogs.correiobraziliense.com.br\/vicente\/wp-json\/wp\/v2\/posts\/9878","targetHints":{"allow":["GET"]}}],"collection":[{"href":"https:\/\/blogs.correiobraziliense.com.br\/vicente\/wp-json\/wp\/v2\/posts"}],"about":[{"href":"https:\/\/blogs.correiobraziliense.com.br\/vicente\/wp-json\/wp\/v2\/types\/post"}],"author":[{"embeddable":true,"href":"https:\/\/blogs.correiobraziliense.com.br\/vicente\/wp-json\/wp\/v2\/users\/22"}],"replies":[{"embeddable":true,"href":"https:\/\/blogs.correiobraziliense.com.br\/vicente\/wp-json\/wp\/v2\/comments?post=9878"}],"version-history":[{"count":3,"href":"https:\/\/blogs.correiobraziliense.com.br\/vicente\/wp-json\/wp\/v2\/posts\/9878\/revisions"}],"predecessor-version":[{"id":9884,"href":"https:\/\/blogs.correiobraziliense.com.br\/vicente\/wp-json\/wp\/v2\/posts\/9878\/revisions\/9884"}],"wp:attachment":[{"href":"https:\/\/blogs.correiobraziliense.com.br\/vicente\/wp-json\/wp\/v2\/media?parent=9878"}],"wp:term":[{"taxonomy":"category","embeddable":true,"href":"https:\/\/blogs.correiobraziliense.com.br\/vicente\/wp-json\/wp\/v2\/categories?post=9878"},{"taxonomy":"post_tag","embeddable":true,"href":"https:\/\/blogs.correiobraziliense.com.br\/vicente\/wp-json\/wp\/v2\/tags?post=9878"}],"curies":[{"name":"wp","href":"https:\/\/api.w.org\/{rel}","templated":true}]}}