{"id":9860,"date":"2019-01-30T20:48:21","date_gmt":"2019-01-30T22:48:21","guid":{"rendered":"https:\/\/blogs.correiobraziliense.com.br\/vicente\/?p=9860"},"modified":"2019-01-30T20:48:21","modified_gmt":"2019-01-30T22:48:21","slug":"estrutura-do-ministerio-da-economia-entra-em-vigor-e-corta-29-mil-cargos","status":"publish","type":"post","link":"https:\/\/blogs.correiobraziliense.com.br\/vicente\/estrutura-do-ministerio-da-economia-entra-em-vigor-e-corta-29-mil-cargos\/","title":{"rendered":"Estrutura do Minist\u00e9rio da Economia entra em vigor e corta 2,9 mil cargos"},"content":{"rendered":"<h2><span style=\"font-weight: 400\">ROSANA HESSEL<\/span><\/h2>\n<h2><\/h2>\n<h2><span style=\"font-weight: 400\">O Minist\u00e9rio da Economia divulgou nesta quarta-feira (30\/01) um balan\u00e7o sobre o resultado da fus\u00e3o dos minist\u00e9rios da Fazenda; do Planejamento e da Ind\u00fastria, Com\u00e9rcio Exterior e Servi\u00e7os; e de uma parte do Minist\u00e9rio do Trabalho. A nova estrutura come\u00e7ou a funcionar oficialmente a partir de hoje, conforme o previsto no Decreto 9.679, de 02 de janeiro de 2019, e permitiu a extin\u00e7\u00e3o de 2,9 mil cargos, n\u00famero inferior ao estimado inicialmente pelos t\u00e9cnicos do governo, de pouco mais de 3 mil.<\/span><span style=\"font-weight: 400\"><br \/>\n<\/span><\/h2>\n<p>&nbsp;<\/p>\n<p><span style=\"font-weight: 400\">Conforme o comunicado do minist\u00e9rio, com a mudan\u00e7a, foram reduzidos 243 cargos de Dire\u00e7\u00e3o e Assessoramento Superior (DAS), 389 Fun\u00e7\u00f5es Comissionadas do Poder Executivo (FCPE) e mais de 2.355 fun\u00e7\u00f5es gratificadas, totalizando a extin\u00e7\u00e3o de 2.987.\u00a0 A nova estrutura passou contar com\u00a0<\/span><span style=\"font-weight: 400\">\u00a03.612 cargos comissionados que est\u00e3o distribu\u00eddos da seguinte forma: 1.569 cargos de Dire\u00e7\u00e3o e Assessoramento Superior (DAS) e 2.043 Fun\u00e7\u00f5es Comissionadas do Poder Executivo (FCPE), que s\u00f3 podem ser ocupadas por servidores concursados. A nota informou ainda que, nos \u00faltimos 28 dias, foram adotadas medidas tanto para alocar os servidores dentro na nova estrutura quanto para viabilizar a publica\u00e7\u00e3o dos atos de nomea\u00e7\u00e3o e apostilamento, que \u00e9 a correspond\u00eancia entre fun\u00e7\u00f5es dos \u00f3rg\u00e3os extintos e do novo minist\u00e9rio. \u201cO objetivo foi evitar a descontinuidade das atividades da pasta\u201d, segundo a nota.<\/span><\/p>\n<p>&nbsp;<\/p>\n<p><span style=\"font-weight: 400\"><br \/>\n<\/span><span style=\"font-weight: 400\">O minist\u00e9rio da Economia possui sete secretarias especiais: Fazenda; Receita Federal; Previd\u00eancia e Trabalho; Com\u00e9rcio Exterior e Assuntos Internacionais; Desestatiza\u00e7\u00e3o e Desinvestimento; Produtividade, Emprego e Competitividade; e Desburocratiza\u00e7\u00e3o, Gest\u00e3o e Governo Digital, al\u00e9m da Procuradoria-Geral da Fazenda Nacional.<\/span><\/p>\n","protected":false},"excerpt":{"rendered":"<p>O Minist\u00e9rio da Economia divulgou nesta quarta-feira (30\/01) um balan\u00e7o sobre o resultado da fus\u00e3o dos minist\u00e9rios da Fazenda; do Planejamento e da Ind\u00fastria, Com\u00e9rcio Exterior e Servi\u00e7os; e de uma parte do Minist\u00e9rio do Trabalho. A nova estrutura come\u00e7ou a funcionar oficialmente a partir de hoje, conforme o previsto no Decreto 9.679, de 02 de janeiro de 2019, e permitiu a extin\u00e7\u00e3o de 2,9 mil cargos, n\u00famero inferior ao estimado inicialmente pelos t\u00e9cnicos do governo durante a posse dos novos secret\u00e1rios, de pouco mais de 3 mil.<\/p>\n","protected":false},"author":22,"featured_media":0,"comment_status":"open","ping_status":"closed","sticky":false,"template":"","format":"standard","meta":{"footnotes":""},"categories":[600],"tags":[2420,3274,3666,3667],"class_list":["post-9860","post","type-post","status-publish","format-standard","hentry","category-economia","tag-cargos","tag-comissionados","tag-ministerio-da-economia","tag-nova-esturutura"],"_links":{"self":[{"href":"https:\/\/blogs.correiobraziliense.com.br\/vicente\/wp-json\/wp\/v2\/posts\/9860","targetHints":{"allow":["GET"]}}],"collection":[{"href":"https:\/\/blogs.correiobraziliense.com.br\/vicente\/wp-json\/wp\/v2\/posts"}],"about":[{"href":"https:\/\/blogs.correiobraziliense.com.br\/vicente\/wp-json\/wp\/v2\/types\/post"}],"author":[{"embeddable":true,"href":"https:\/\/blogs.correiobraziliense.com.br\/vicente\/wp-json\/wp\/v2\/users\/22"}],"replies":[{"embeddable":true,"href":"https:\/\/blogs.correiobraziliense.com.br\/vicente\/wp-json\/wp\/v2\/comments?post=9860"}],"version-history":[{"count":5,"href":"https:\/\/blogs.correiobraziliense.com.br\/vicente\/wp-json\/wp\/v2\/posts\/9860\/revisions"}],"predecessor-version":[{"id":9865,"href":"https:\/\/blogs.correiobraziliense.com.br\/vicente\/wp-json\/wp\/v2\/posts\/9860\/revisions\/9865"}],"wp:attachment":[{"href":"https:\/\/blogs.correiobraziliense.com.br\/vicente\/wp-json\/wp\/v2\/media?parent=9860"}],"wp:term":[{"taxonomy":"category","embeddable":true,"href":"https:\/\/blogs.correiobraziliense.com.br\/vicente\/wp-json\/wp\/v2\/categories?post=9860"},{"taxonomy":"post_tag","embeddable":true,"href":"https:\/\/blogs.correiobraziliense.com.br\/vicente\/wp-json\/wp\/v2\/tags?post=9860"}],"curies":[{"name":"wp","href":"https:\/\/api.w.org\/{rel}","templated":true}]}}