{"id":9857,"date":"2019-01-30T19:52:52","date_gmt":"2019-01-30T21:52:52","guid":{"rendered":"https:\/\/blogs.correiobraziliense.com.br\/vicente\/?p=9857"},"modified":"2019-01-30T19:52:52","modified_gmt":"2019-01-30T21:52:52","slug":"rogerio-marinho-busca-apoio-de-governadores-e-de-prefeitos-para-reforma-da-previdencia","status":"publish","type":"post","link":"https:\/\/blogs.correiobraziliense.com.br\/vicente\/rogerio-marinho-busca-apoio-de-governadores-e-de-prefeitos-para-reforma-da-previdencia\/","title":{"rendered":"Rog\u00e9rio Marinho busca apoio de governadores\u00a0e de prefeitos para reforma da Previd\u00eancia"},"content":{"rendered":"<h2><span style=\"font-weight: 400\">ROSANA HESSEL<\/span><\/h2>\n<h2><span style=\"font-weight: 400\">O secret\u00e1rio especial de Previd\u00eancia e Trabalho, Rog\u00e9rio Marinho, est\u00e1 realizando uma intensa rodada de conversas com governadores e prefeitos em busca de apoio para a nova proposta de reforma da Previd\u00eancia, que ser\u00e1 encaminhada ao Congresso Nacional. Ele contou ao <strong>Blog<\/strong> que j\u00e1 conversou com oito governadores at\u00e9 o momento.\u00a0<\/span><\/h2>\n<h2><span style=\"font-weight: 400\">Nesta quarta-feira (30\/01), Marinho reuniu-se em S\u00e3o Paulo com cinco governadores, que apresentaram suas sugest\u00f5es para a proposta. Estiveram presentes no encontro os governadores Jo\u00e3o Doria, de S\u00e3o Paulo, Helder Barbalho, do Par\u00e1, e Eduardo Leite, Rio Grande do Sul. Outros dois governadores, Romeu Zema, de Minas Gerais, e Ronaldo Caiado, de Goi\u00e1s, participaram da reuni\u00e3o por videoconfer\u00eancia. O secret\u00e1rio reafirmou que a proposta da reforma ser\u00e1 encaminhada na segunda ou na terceira semana de fevereiro. O Congresso retoma as atividades na pr\u00f3xima sexta-feira (01\/02). <\/span><\/h2>\n<h2><span style=\"font-weight: 400\">Na pr\u00f3xima semana, Marinho tem reuni\u00e3o marcada com representantes da Frente Nacional de Prefeitos (FNP), que foram recebidos pelo ministro da Economia, Paulo Guedes, na tarde desta quarta-feira por duas horas. A Frente re\u00fane 400 munic\u00edpios com mais de 80 mil habitantes e tem sinalizado que \u00e9 favor\u00e1vel \u00e0s mudan\u00e7as no sistema de aposentadorias.<\/span><\/h2>\n<p><span style=\"font-weight: 400\">Ao deixar o gabinete de Guedes, presidente da FNP, o prefeito Jonas Donizette, de Campinas (SP), disse que gostou do que ouviu do ministro, \u201cque falou em uma idade m\u00ednima de 57 anos para mulheres e de 62 anos para homens\u201d, que tinha sido j\u00e1 citada pelo presidente Jair Bolsonaro, mas gerou pol\u00eamica por ser inferior \u00e0 da proposta do presidente Michel Temer que est\u00e1 parada no Congresso. Outro ponto elogiado pelo prefeito \u00e9 que os munic\u00edpios e os estados ser\u00e3o inclu\u00eddos na proposta, \u201cque ser\u00e1 \u00fanica, para todas as categorias, civis e militares\u201d. <\/span><\/p>\n<p><span style=\"font-weight: 400\">O encontro dos prefeitos com Marinho na pr\u00f3xima semana ainda n\u00e3o tem data marcada, mas a expectativa de Donizette \u00e9 que o secret\u00e1rio fa\u00e7a um detalhamento da proposta, pois, segundo ele, os munic\u00edpios tamb\u00e9m est\u00e3o com problemas em seus respectivos regimes pr\u00f3prios e a reforma ajudar\u00e1 \u201ca garantir as aposentadorias futuras\u201d. <\/span><\/p>\n<p><span style=\"font-weight: 400\">De acordo com o prefeito, muitas cidades enfrentam as mesmas dificuldades fiscais que os estados em calamidade financeira, devido \u00e0s obriga\u00e7\u00f5es constitucionais. Ele contou que o ministro sinalizou no encontro que, aprovada a mudan\u00e7a no sistema de aposentadorias, o pr\u00f3ximo passo do novo governo ser\u00e1 negociar um novo pacto federativo, mudando a composi\u00e7\u00e3o da distribui\u00e7\u00e3o dos tributos arrecadados pela Uni\u00e3o, cumprindo a promessa do slogan de campanha \u201cMais Brasil e menos Bras\u00edlia\u201d. Segundo Donizette, Guedes falou em inverter a distribui\u00e7\u00e3o atual dos impostos, de 55% para a Uni\u00e3o, 25% para os estados e 20% para os munic\u00edpios, de forma gradual, para algo como 60% para munic\u00edpios, 30% para estados e apenas 10% para a Uni\u00e3o.<\/span><\/p>\n<p><span style=\"font-weight: 400\">Na segunda-feira, o secret\u00e1rio do Tesouro Nacional, Mansueto Almeida, elogiou a habilidade de negocia\u00e7\u00e3o de Marinho ao explicar a reforma da Previd\u00eancia. Segundo ele, o ex-deputado, que foi relator da reforma Trabalhista, aprovada em 2016, consegue explicar a proposta de forma clara \u201cem 15 a 20 minutos\u201d, algo que, para um t\u00e9cnico, \u00e9 mais complicado.\u00a0<\/span><\/p>\n<p>&nbsp;<\/p>\n","protected":false},"excerpt":{"rendered":"<p>O secret\u00e1rio especial de Previd\u00eancia e Trabalho, Rog\u00e9rio Marinho, est\u00e1 realizando uma intensa rodada de conversas com governadores e prefeitos em busca de apoio para a nova proposta de reforma da Previd\u00eancia, que ser\u00e1 encaminhada ao Congresso Nacional. Ele contou ao Blog que j\u00e1 conversou com oito governadores at\u00e9 o momento.\u00a0<\/p>\n<p>Nesta quarta-feira (30\/01), Marinho reuniu-se em S\u00e3o Paulo com cinco governadores, que apresentaram suas sugest\u00f5es para a proposta. Estiveram presentes no encontro os governadores Jo\u00e3o Doria, de S\u00e3o Paulo, Helder Barbalho, do Par\u00e1, e Eduardo Leite, Rio Grande do Sul. Outros dois governadores, Romeu Zema, de Minas Gerais, e Ronaldo Caiado, de Goi\u00e1s, participaram da reuni\u00e3o por videoconfer\u00eancia. O secret\u00e1rio reafirmou que a proposta da reforma ser\u00e1 encaminhada na segunda ou na terceira semana de fevereiro. <\/p>\n","protected":false},"author":22,"featured_media":0,"comment_status":"open","ping_status":"closed","sticky":false,"template":"","format":"standard","meta":{"footnotes":""},"categories":[600],"tags":[3665,3664,320,3616,429,614],"class_list":["post-9857","post","type-post","status-publish","format-standard","hentry","category-economia","tag-prefeito","tag-rogerio-marinho","tag-estados","tag-guedes","tag-previdencia","tag-reforma"],"_links":{"self":[{"href":"https:\/\/blogs.correiobraziliense.com.br\/vicente\/wp-json\/wp\/v2\/posts\/9857","targetHints":{"allow":["GET"]}}],"collection":[{"href":"https:\/\/blogs.correiobraziliense.com.br\/vicente\/wp-json\/wp\/v2\/posts"}],"about":[{"href":"https:\/\/blogs.correiobraziliense.com.br\/vicente\/wp-json\/wp\/v2\/types\/post"}],"author":[{"embeddable":true,"href":"https:\/\/blogs.correiobraziliense.com.br\/vicente\/wp-json\/wp\/v2\/users\/22"}],"replies":[{"embeddable":true,"href":"https:\/\/blogs.correiobraziliense.com.br\/vicente\/wp-json\/wp\/v2\/comments?post=9857"}],"version-history":[{"count":1,"href":"https:\/\/blogs.correiobraziliense.com.br\/vicente\/wp-json\/wp\/v2\/posts\/9857\/revisions"}],"predecessor-version":[{"id":9858,"href":"https:\/\/blogs.correiobraziliense.com.br\/vicente\/wp-json\/wp\/v2\/posts\/9857\/revisions\/9858"}],"wp:attachment":[{"href":"https:\/\/blogs.correiobraziliense.com.br\/vicente\/wp-json\/wp\/v2\/media?parent=9857"}],"wp:term":[{"taxonomy":"category","embeddable":true,"href":"https:\/\/blogs.correiobraziliense.com.br\/vicente\/wp-json\/wp\/v2\/categories?post=9857"},{"taxonomy":"post_tag","embeddable":true,"href":"https:\/\/blogs.correiobraziliense.com.br\/vicente\/wp-json\/wp\/v2\/tags?post=9857"}],"curies":[{"name":"wp","href":"https:\/\/api.w.org\/{rel}","templated":true}]}}