{"id":9854,"date":"2019-01-30T19:18:23","date_gmt":"2019-01-30T21:18:23","guid":{"rendered":"https:\/\/blogs.correiobraziliense.com.br\/vicente\/?p=9854"},"modified":"2019-01-30T19:18:23","modified_gmt":"2019-01-30T21:18:23","slug":"empresas-do-setor-de-minerio-de-ferro-se-beneficiam-nas-bolsas-mundiais","status":"publish","type":"post","link":"https:\/\/blogs.correiobraziliense.com.br\/vicente\/empresas-do-setor-de-minerio-de-ferro-se-beneficiam-nas-bolsas-mundiais\/","title":{"rendered":"Empresas do setor de min\u00e9rio de ferro se beneficiam nas bolsas mundiais"},"content":{"rendered":"<h2>HAMILTON FERRARI<\/h2>\n<h2><\/h2>\n<h2>As empresas do setor de min\u00e9rio de ferro tiveram um dia positivo no mercado mundial. O an\u00fancio da Vale de suspender a produ\u00e7\u00e3o em at\u00e9 10% repercutiu nas bolsas internacionais. Na pr\u00e1tica, at\u00e9 concorrentes da companhia brasileira se beneficiam. As a\u00e7\u00f5es da Cleveland-Cliffs subiram 17,30% em Nova York nesta quarta-feira (30\/1).<\/h2>\n<h2><\/h2>\n<p>A Rio Tinto e a BHP subiram 0,7% e 2,1%, respectivamente. O mercado reage \u00e0 perspectiva de que haver\u00e1 menos oferta do metal no mundo, j\u00e1 que a Vale tem grande impacto na produ\u00e7\u00e3o mundial. Tanto \u00e9 que a cota\u00e7\u00e3o futura do min\u00e9rio de ferro na China subiu 5,6%, saindo de US$ 79,5 para US$ 87,2. Os chineses s\u00e3o os maiores importadores da commodity do Brasil.<\/p>\n<p>&nbsp;<\/p>\n<p>A pr\u00f3pria Vale tem se beneficiado com a menor produ\u00e7\u00e3o no Ibovespa, principal \u00edndice da Bolsa de Valores de S\u00e3o Paulo. As a\u00e7\u00f5es ordin\u00e1rias estavam cotadas a R$ 56,15 no dia da trag\u00e9dia em Brumadinho (MG). No preg\u00e3o seguinte, tombaram para R$ 42,38. Nesta quarta, terminam o dia cotadas a R$ 46,70, ap\u00f3s alta de 9%.<\/p>\n<p>&nbsp;<\/p>\n<p>A avalia\u00e7\u00e3o do mercado \u00e9 que a Vale \u00e9 uma empresa extremamente robusta e que deve recuperar o que foi perdido. As a\u00e7\u00f5es judiciais e as san\u00e7\u00f5es que ainda devem sair contra a empresa trar\u00e3o volatilidade, segundo analistas, mas n\u00e3o devem mudar drasticamente o pre\u00e7o de mercado da companhia.<\/p>\n<p>&nbsp;<\/p>\n<p>Al\u00e9m disso, o Brasil n\u00e3o deve perder mercado na venda de min\u00e9rio de ferro para o exterior. Segundo c\u00e1lculos de analistas, a Vale vai parar de produzir 40 milh\u00f5es de toneladas, o que corresponde a US$ 2 bilh\u00f5es. Outros produtores como Austr\u00e1lia, \u00cdndia e Canad\u00e1 podem ocupar parte do mercado, mas o desaquecimento da economia global, principalmente da China, limitar\u00e1 os efeitos de perdas.<\/p>\n<p>&nbsp;<\/p>\n<p>O min\u00e9rio de ferro produzido pela Vale tamb\u00e9m \u00e9 considerado de melhor qualidade. A maior parte da produ\u00e7\u00e3o n\u00e3o fica em Minas Gerais, mas, sim, em Cana\u00e3 dos Caraj\u00e1s, localizado no sudeste do Par\u00e1. A companhia elevou a produ\u00e7\u00e3o do estado para 230 milh\u00f5es de toneladas ao ano.<\/p>\n<p>&nbsp;<\/p>\n<p>Bras\u00edlia, 19h13min<\/p>\n","protected":false},"excerpt":{"rendered":"<p>HAMILTON FERRARI As empresas do setor de min\u00e9rio de ferro tiveram um dia positivo no mercado mundial. O an\u00fancio da Vale de suspender a produ\u00e7\u00e3o em at\u00e9 10% repercutiu nas bolsas internacionais. Na pr\u00e1tica, at\u00e9 concorrentes da companhia brasileira se beneficiam. As a\u00e7\u00f5es da Cleveland-Cliffs subiram 17,30% em Nova York nesta quarta-feira (30\/1). A Rio [&hellip;]<\/p>\n","protected":false},"author":22,"featured_media":0,"comment_status":"open","ping_status":"closed","sticky":false,"template":"","format":"standard","meta":{"footnotes":""},"categories":[600],"tags":[2393,1109,3662,3663,3661],"class_list":["post-9854","post","type-post","status-publish","format-standard","hentry","category-economia","tag-bolsa","tag-empresas","tag-ferro","tag-metal","tag-minerio"],"_links":{"self":[{"href":"https:\/\/blogs.correiobraziliense.com.br\/vicente\/wp-json\/wp\/v2\/posts\/9854","targetHints":{"allow":["GET"]}}],"collection":[{"href":"https:\/\/blogs.correiobraziliense.com.br\/vicente\/wp-json\/wp\/v2\/posts"}],"about":[{"href":"https:\/\/blogs.correiobraziliense.com.br\/vicente\/wp-json\/wp\/v2\/types\/post"}],"author":[{"embeddable":true,"href":"https:\/\/blogs.correiobraziliense.com.br\/vicente\/wp-json\/wp\/v2\/users\/22"}],"replies":[{"embeddable":true,"href":"https:\/\/blogs.correiobraziliense.com.br\/vicente\/wp-json\/wp\/v2\/comments?post=9854"}],"version-history":[{"count":1,"href":"https:\/\/blogs.correiobraziliense.com.br\/vicente\/wp-json\/wp\/v2\/posts\/9854\/revisions"}],"predecessor-version":[{"id":9855,"href":"https:\/\/blogs.correiobraziliense.com.br\/vicente\/wp-json\/wp\/v2\/posts\/9854\/revisions\/9855"}],"wp:attachment":[{"href":"https:\/\/blogs.correiobraziliense.com.br\/vicente\/wp-json\/wp\/v2\/media?parent=9854"}],"wp:term":[{"taxonomy":"category","embeddable":true,"href":"https:\/\/blogs.correiobraziliense.com.br\/vicente\/wp-json\/wp\/v2\/categories?post=9854"},{"taxonomy":"post_tag","embeddable":true,"href":"https:\/\/blogs.correiobraziliense.com.br\/vicente\/wp-json\/wp\/v2\/tags?post=9854"}],"curies":[{"name":"wp","href":"https:\/\/api.w.org\/{rel}","templated":true}]}}