{"id":9838,"date":"2019-01-28T15:35:30","date_gmt":"2019-01-28T17:35:30","guid":{"rendered":"https:\/\/blogs.correiobraziliense.com.br\/vicente\/?p=9838"},"modified":"2019-01-28T16:13:09","modified_gmt":"2019-01-28T18:13:09","slug":"governo-pode-usar-pela-primeira-vez-a-golden-share-que-detem-na-vale","status":"publish","type":"post","link":"https:\/\/blogs.correiobraziliense.com.br\/vicente\/governo-pode-usar-pela-primeira-vez-a-golden-share-que-detem-na-vale\/","title":{"rendered":"Governo pode usar, pela primeira vez, a golden share que det\u00e9m na Vale"},"content":{"rendered":"<h2>O Pal\u00e1cio do Planalto est\u00e1 estudando usar, pela primeira vez na hist\u00f3ria, a golden share (a\u00e7\u00e3o de ouro) que det\u00e9m na Vale, empresa respons\u00e1vel pelo desastre em Brumadinho, que matou pelo menos 60 pessoas e deixou que 300 desaparecidos.<\/h2>\n<p>&nbsp;<\/p>\n<p><a href=\"https:\/\/blogs.correiobraziliense.com.br\/vicente\/wp-content\/uploads\/sites\/16\/2019\/01\/Brumadinho.jpg\"><img loading=\"lazy\" decoding=\"async\" class=\"alignnone size-full wp-image-9841\" src=\"https:\/\/blogs.correiobraziliense.com.br\/vicente\/wp-content\/uploads\/sites\/16\/2019\/01\/Brumadinho.jpg\" alt=\"\" width=\"820\" height=\"547\" srcset=\"https:\/\/blogs.correiobraziliense.com.br\/vicente\/wp-content\/uploads\/sites\/16\/2019\/01\/Brumadinho.jpg 820w, https:\/\/blogs.correiobraziliense.com.br\/vicente\/wp-content\/uploads\/sites\/16\/2019\/01\/Brumadinho-300x200.jpg 300w, https:\/\/blogs.correiobraziliense.com.br\/vicente\/wp-content\/uploads\/sites\/16\/2019\/01\/Brumadinho-768x512.jpg 768w, https:\/\/blogs.correiobraziliense.com.br\/vicente\/wp-content\/uploads\/sites\/16\/2019\/01\/Brumadinho-350x233.jpg 350w, https:\/\/blogs.correiobraziliense.com.br\/vicente\/wp-content\/uploads\/sites\/16\/2019\/01\/Brumadinho-550x367.jpg 550w, https:\/\/blogs.correiobraziliense.com.br\/vicente\/wp-content\/uploads\/sites\/16\/2019\/01\/Brumadinho-230x153.jpg 230w\" sizes=\"auto, (max-width: 820px) 100vw, 820px\" \/><\/a><\/p>\n<p><strong>Foto:<\/strong> AFP\/Douglas Magno<\/p>\n<p>&nbsp;<\/p>\n<p>A golden share d\u00e1 direito ao governo de intervir na Vale (e em outras empresas privatizadas, como a Embraer) em casos extremos. Segundo o presidente interino da Rep\u00fablica, general Hamilton Mour\u00e3o, o governo pode afastar a diretoria da Vale, que, segundo o Planalto, n\u00e3o est\u00e1 agindo a contento.<\/p>\n<p>&nbsp;<\/p>\n<p>A vis\u00e3o dentro do governo \u00e9 de que a atual diretoria da Vale, a come\u00e7ar pelo presidente da mineradora, F\u00e1bio Schvartsman, n\u00e3o tem mais condi\u00e7\u00f5es de responder aos anseios do desafios que est\u00e3o colocados, al\u00e9m de ter perdido totalmente a confian\u00e7a da sociedade.<\/p>\n<p>&nbsp;<\/p>\n<p>Nas manh\u00e3 desta segunda-feira, 28 de janeiro, Mour\u00e3o afirmou que a quest\u00e3o da diretoria da Vale est\u00e1 sendo estudada pelo grupo de crise criado pelo governo. &#8220;Vamos aguardar quais s\u00e3o as linhas de atua\u00e7\u00e3o que eles est\u00e3o levantando&#8221;, disse. Os t\u00e9cnicos do governo estudam como usar a golden share.<\/p>\n<p>&nbsp;<\/p>\n<p>Para o governo, a Vale tem se mostrado mais preocupada em proteger seu caixa, que j\u00e1 sofreu bloqueio de R$ 11 bilh\u00f5es pela Justi\u00e7a, do que em atender \u00e0s demandas de familiares de trabalhadores v\u00edtimas do desastre de Sobradinho. &#8220;As imagens das fam\u00edlias cobrando explica\u00e7\u00f5es da empresa s\u00e3o chocantes&#8221;, frisou um assessor do Planalto.<\/p>\n<p>&nbsp;<\/p>\n<p>S\u00e3o essas imagens que, no entender do governo, justificariam uma interven\u00e7\u00e3o na Vale e o afastamento de toda a diretoria.<\/p>\n<p>&nbsp;<\/p>\n<p><em>Bras\u00edlia, 15h35min<\/em><\/p>\n","protected":false},"excerpt":{"rendered":"<p>O Pal\u00e1cio do Planalto est\u00e1 estudando usar, pela primeira vez na hist\u00f3ria, a golden share (a\u00e7\u00e3o de ouro) que det\u00e9m na Vale, empresa respons\u00e1vel pelo desastre em Brumadinho, que matou pelo menos 60 pessoas e deixou que 300 desaparecidos. &nbsp; Foto: AFP\/Douglas Magno &nbsp; A golden share d\u00e1 direito ao governo de intervir na Vale [&hellip;]<\/p>\n","protected":false},"author":22,"featured_media":0,"comment_status":"open","ping_status":"closed","sticky":false,"template":"","format":"standard","meta":{"footnotes":""},"categories":[600],"tags":[],"class_list":["post-9838","post","type-post","status-publish","format-standard","hentry","category-economia"],"_links":{"self":[{"href":"https:\/\/blogs.correiobraziliense.com.br\/vicente\/wp-json\/wp\/v2\/posts\/9838","targetHints":{"allow":["GET"]}}],"collection":[{"href":"https:\/\/blogs.correiobraziliense.com.br\/vicente\/wp-json\/wp\/v2\/posts"}],"about":[{"href":"https:\/\/blogs.correiobraziliense.com.br\/vicente\/wp-json\/wp\/v2\/types\/post"}],"author":[{"embeddable":true,"href":"https:\/\/blogs.correiobraziliense.com.br\/vicente\/wp-json\/wp\/v2\/users\/22"}],"replies":[{"embeddable":true,"href":"https:\/\/blogs.correiobraziliense.com.br\/vicente\/wp-json\/wp\/v2\/comments?post=9838"}],"version-history":[{"count":4,"href":"https:\/\/blogs.correiobraziliense.com.br\/vicente\/wp-json\/wp\/v2\/posts\/9838\/revisions"}],"predecessor-version":[{"id":9843,"href":"https:\/\/blogs.correiobraziliense.com.br\/vicente\/wp-json\/wp\/v2\/posts\/9838\/revisions\/9843"}],"wp:attachment":[{"href":"https:\/\/blogs.correiobraziliense.com.br\/vicente\/wp-json\/wp\/v2\/media?parent=9838"}],"wp:term":[{"taxonomy":"category","embeddable":true,"href":"https:\/\/blogs.correiobraziliense.com.br\/vicente\/wp-json\/wp\/v2\/categories?post=9838"},{"taxonomy":"post_tag","embeddable":true,"href":"https:\/\/blogs.correiobraziliense.com.br\/vicente\/wp-json\/wp\/v2\/tags?post=9838"}],"curies":[{"name":"wp","href":"https:\/\/api.w.org\/{rel}","templated":true}]}}