{"id":9833,"date":"2019-01-24T19:47:12","date_gmt":"2019-01-24T21:47:12","guid":{"rendered":"https:\/\/blogs.correiobraziliense.com.br\/vicente\/?p=9833"},"modified":"2019-01-24T19:47:12","modified_gmt":"2019-01-24T21:47:12","slug":"ibovespa-atinge-97-677-pontos-e-avanca-164-na-semana","status":"publish","type":"post","link":"https:\/\/blogs.correiobraziliense.com.br\/vicente\/ibovespa-atinge-97-677-pontos-e-avanca-164-na-semana\/","title":{"rendered":"Ibovespa atinge 97.677 pontos e avan\u00e7a 1,64% na semana"},"content":{"rendered":"<h2>GABRIEL PONTE*<\/h2>\n<h2><\/h2>\n<h2>Ignorando o cen\u00e1rio internacional, o Ibovespa, principal \u00edndice da Bolsa de Valores de S\u00e3o Paulo (B3), encerrou o \u00faltimo preg\u00e3o da semana antes do feriado em alta de 1,16%, aos 97.677 pontos, novo recorde de fechamento. Na sess\u00e3o de neg\u00f3cios desta quinta-feira (24\/01), o volume de neg\u00f3cios ficou em R$ 15,120 bilh\u00f5es. O dia foi marcado, em Davos, na Su\u00ed\u00e7a, onde ocorre o F\u00f3rum Econ\u00f4mico Mundial (FEM), pelos encontros bilaterais que o presidente Jair Bolsonaro teve com autoridades estrangeiras.<\/h2>\n<p>&nbsp;<\/p>\n<p>Mesmo com o cen\u00e1rio adverso em Wall Street, diante da fala do secret\u00e1rio do com\u00e9rcio dos Estados Unidos, Wilbur Ross, de que um eventual acordo comercial entre Estados Unidos e China ainda est\u00e1 distante de ocorrer, o cen\u00e1rio dom\u00e9stico, com o otimismo de investidores diante das recentes falas do ministro da Economia, Paulo Guedes, acerca das reformas econ\u00f4micas a serem encaminhadas ao Congresso, predominou entre investidores locais.<\/p>\n<p>Em descompasso com o otimismo nos neg\u00f3cios do balc\u00e3o paulista, o d\u00f3lar norte-americano encerrou o dia negociado a R$ 3,771 a venda, leve alta de 0,19%. O comportamento da divisa estrangeira esteve atrelado \u00e0s falas de M\u00e1rio Draghi, presidente do Banco Central Europeu (BCE), que indicou que a Zona do Euro deve apresentar crescimento mais amenos que o esperado, situa\u00e7\u00e3o que envolve a desacelera\u00e7\u00e3o econ\u00f4mica da China.<\/p>\n<p>Amanh\u00e3, (25\/01), a Bolsa de Valores de S\u00e3o Paulo estar\u00e1 fechada em decorr\u00eancia do anivers\u00e1rio da capital paulista. Os neg\u00f3cios voltam ao normal na segunda-feira (28\/01). Na semana, o Ibovespa avan\u00e7ou 1,64%. Foi o segundo recorde de fechamento semanal.<\/p>\n<p>&nbsp;<\/p>\n<p><em>Bras\u00edlia, 19h41min<\/em><\/p>\n","protected":false},"excerpt":{"rendered":"<p>GABRIEL PONTE* Ignorando o cen\u00e1rio internacional, o Ibovespa, principal \u00edndice da Bolsa de Valores de S\u00e3o Paulo (B3), encerrou o \u00faltimo preg\u00e3o da semana antes do feriado em alta de 1,16%, aos 97.677 pontos, novo recorde de fechamento. Na sess\u00e3o de neg\u00f3cios desta quinta-feira (24\/01), o volume de neg\u00f3cios ficou em R$ 15,120 bilh\u00f5es. O [&hellip;]<\/p>\n","protected":false},"author":22,"featured_media":0,"comment_status":"open","ping_status":"closed","sticky":false,"template":"","format":"standard","meta":{"footnotes":""},"categories":[600],"tags":[2393,343,3053,753],"class_list":["post-9833","post","type-post","status-publish","format-standard","hentry","category-economia","tag-bolsa","tag-dolar","tag-ibovespa","tag-mercado"],"_links":{"self":[{"href":"https:\/\/blogs.correiobraziliense.com.br\/vicente\/wp-json\/wp\/v2\/posts\/9833","targetHints":{"allow":["GET"]}}],"collection":[{"href":"https:\/\/blogs.correiobraziliense.com.br\/vicente\/wp-json\/wp\/v2\/posts"}],"about":[{"href":"https:\/\/blogs.correiobraziliense.com.br\/vicente\/wp-json\/wp\/v2\/types\/post"}],"author":[{"embeddable":true,"href":"https:\/\/blogs.correiobraziliense.com.br\/vicente\/wp-json\/wp\/v2\/users\/22"}],"replies":[{"embeddable":true,"href":"https:\/\/blogs.correiobraziliense.com.br\/vicente\/wp-json\/wp\/v2\/comments?post=9833"}],"version-history":[{"count":1,"href":"https:\/\/blogs.correiobraziliense.com.br\/vicente\/wp-json\/wp\/v2\/posts\/9833\/revisions"}],"predecessor-version":[{"id":9834,"href":"https:\/\/blogs.correiobraziliense.com.br\/vicente\/wp-json\/wp\/v2\/posts\/9833\/revisions\/9834"}],"wp:attachment":[{"href":"https:\/\/blogs.correiobraziliense.com.br\/vicente\/wp-json\/wp\/v2\/media?parent=9833"}],"wp:term":[{"taxonomy":"category","embeddable":true,"href":"https:\/\/blogs.correiobraziliense.com.br\/vicente\/wp-json\/wp\/v2\/categories?post=9833"},{"taxonomy":"post_tag","embeddable":true,"href":"https:\/\/blogs.correiobraziliense.com.br\/vicente\/wp-json\/wp\/v2\/tags?post=9833"}],"curies":[{"name":"wp","href":"https:\/\/api.w.org\/{rel}","templated":true}]}}