{"id":9830,"date":"2019-01-24T17:22:43","date_gmt":"2019-01-24T19:22:43","guid":{"rendered":"https:\/\/blogs.correiobraziliense.com.br\/vicente\/?p=9830"},"modified":"2019-01-24T17:23:10","modified_gmt":"2019-01-24T19:23:10","slug":"iphan-nega-irregularidades-em-concurso-publico","status":"publish","type":"post","link":"https:\/\/blogs.correiobraziliense.com.br\/vicente\/iphan-nega-irregularidades-em-concurso-publico\/","title":{"rendered":"Iphan nega irregularidades em concurso p\u00fablico"},"content":{"rendered":"<p>Instituto do Patrim\u00f4nio Hist\u00f3rico e Art\u00edstico Nacional (Iphan) enviou a seguinte nota ao <strong>Blog<\/strong> sobre a mat\u00e9ria que mostra que um servidor foi aprovado em concurso do qual ele participou da elabora\u00e7\u00e3o. Eis a \u00edntegra:<\/p>\n<p>&nbsp;<\/p>\n<p>&#8220;Referente a mat\u00e9ria \u201c<a href=\"https:\/\/blogs.correiobraziliense.com.br\/vicente\/servidor-do-iphan-participou-de-reunioes-sobre-concurso-no-qual-ele-foi-aprovado\/\">Servidor do Iphan participou de reuni\u00f5es sobre concurso no qual ele foi aprovado<\/a>\u201d cabe esclarecer que, dos dias 07 a 10 de maio, ocorreram reuni\u00f5es extraordin\u00e1rias da Diretoria Colegiada e do Comit\u00ea Gestor do Iphan (que compreende todos os dirigentes do Instituto) para tratar do assunto \u201cconcurso\u201d tendo em vista a publica\u00e7\u00e3o da Portaria MPDG n\u00ba 108\/18, que resultou na redu\u00e7\u00e3o de 105 cargos de n\u00edvel m\u00e9dio em rela\u00e7\u00e3o aos 236 cargos, de n\u00edvel m\u00e9dio, aprovados inicialmente na Lei Or\u00e7ament\u00e1ria Anual \u2013 LOA 2018.<\/p>\n<p>&nbsp;<\/p>\n<p>Entre outros temas, discutiram:<\/p>\n<p>\u2013 Pauta: Concurso do Iphan (redistribui\u00e7\u00e3o de vagas de n\u00edvel m\u00e9dio e informes) \u2013 dia 07 e 08 de maio;<\/p>\n<p>\u2013 Pauta: Alinhamentos Gerais, Assuntos Diversos e Regimento Interno do IPHAN &#8211; dias 08, 09 e 10 de Maio.<\/p>\n<p>&nbsp;<\/p>\n<p>A partir de 11 de maio de 2018, somente os servidores efetivos e est\u00e1veis da Administra\u00e7\u00e3o P\u00fablica que comp\u00f5em a Comiss\u00e3o de Acompanhamento de Concurso P\u00fablico, estabelecida pela Portaria IPHAN n\u00ba 178 (07 de maio de 2018), e que assinaram o Termo de Compromisso de Manuten\u00e7\u00e3o de Sigilo em Contrato, tiveram acesso \u00e0s informa\u00e7\u00f5es sobre o concurso, inclusive a escolha da Banca Organizadora.<\/p>\n<p>&nbsp;<\/p>\n<p>A escolha e o aceite da proposta da Banca Organizadora ocorreram \u00fanica e exclusivamente pela Comiss\u00e3o de Acompanhamento de Concurso P\u00fablico e t\u00e3o somente em 25 de maio de 2018. Em decorr\u00eancia, em 29 de maio de 2018, o CEBRASPE foi contratado. A partir desta data, iniciou-se o processo de prepara\u00e7\u00e3o do edital, incluindo conte\u00fado program\u00e1tico, cronogramas, vagas, ou seja, tudo o que envolve o processo propriamente dito (SEI n\u00ba 01450.002386\/2018-96).<\/p>\n<p>&nbsp;<\/p>\n<p>Roberto Stanchi teve v\u00ednculo com o Iphan entre 12 de fevereiro de 2009 e 11 de fevereiro de 2014 na condi\u00e7\u00e3o de servidor por contrato tempor\u00e1rio. Em 2009, foi aprovado na 14\u00aa coloca\u00e7\u00e3o de 25 vagas ofertadas para o Iphan no Processo Seletivo Simplificado (PSS). Em novo Processo Seletivo para contrata\u00e7\u00e3o de Servidores Tempor\u00e1rios, Roberto Stanchi foi aprovado na terceira coloca\u00e7\u00e3o das 10 vagas ofertadas para Bras\u00edlia e reestabeleceu v\u00ednculo com a institui\u00e7\u00e3o, a partir de 19 de fevereiro de 2016, o qual mant\u00e9m at\u00e9 hoje.<\/p>\n<p>&nbsp;<\/p>\n<p>No Concurso P\u00fablico Iphan n\u00ba 01\/2018, Roberto Stanchi, conforme resultado apurado pela Banca Organizadora, classificou-se em s\u00e9tima coloca\u00e7\u00e3o para o Cargo 2: T\u00e9cnico I \u2013 \u00c1rea 2, atendendo aos requisitos exigidos pelo Edital.<\/p>\n<p>&nbsp;<\/p>\n<p>O Iphan tem conhecimento que, dos 411 cargos para provimento pelo concurso de 2018, pelo menos trinta colaboradores da Institui\u00e7\u00e3o (servidores tempor\u00e1rios, servidores cedidos, terceirizados e prestadores de servi\u00e7o) foram igualmente classificados e aprovados neste certame.<\/p>\n<p>&nbsp;<\/p>\n<p>Por fim, o Instituto reafirma que n\u00e3o h\u00e1 qualquer irregularidade ou m\u00e1cula ao processo que resultou no Concurso P\u00fablico Iphan n\u00ba 01\/2018 e que a pontua\u00e7\u00e3o e a classifica\u00e7\u00e3o obtidas por todos os candidatos classificados foram aferidas e divulgadas pela banca organizadora.<\/p>\n<p>&nbsp;<\/p>\n<p><strong>Linha do Tempo<\/strong><\/p>\n<p>03 de maio de 2018 \u2013 Autoriza\u00e7\u00e3o do concurso (Portaria MPDG n\u00ba 108\/18). Foram realizadas reuni\u00f5es com a Diretoria e servidores do Iphan para a defini\u00e7\u00e3o das estrat\u00e9gias de obten\u00e7\u00e3o, junto ao MPDG, da autoriza\u00e7\u00e3o para a realiza\u00e7\u00e3o do concurso.<\/p>\n<p>07 a 10 de maio 2018 &#8211; Ocorreram reuni\u00f5es extraordin\u00e1rias da Diretoria Colegiada para tratar da redu\u00e7\u00e3o de 105 cargos de n\u00edvel m\u00e9dio em rela\u00e7\u00e3o aos 236 cargos, de n\u00edvel m\u00e9dio, aprovados inicialmente na Lei Or\u00e7ament\u00e1ria Anual \u2013 LOA 2018.<\/p>\n<p>07 de maio 2018 \u2013 Nesta data foi institu\u00edda a Comiss\u00e3o de Acompanhamento de Concurso P\u00fablico<\/p>\n<p>11 de maio de 2018 &#8211; Somente os servidores efetivos e est\u00e1veis da Administra\u00e7\u00e3o P\u00fablica que comp\u00f5em a Comiss\u00e3o de Acompanhamento de Concurso P\u00fablico, e que assinaram o Termo de Compromisso de Manuten\u00e7\u00e3o de Sigilo em Contrato, tiveram acesso \u00e0s informa\u00e7\u00f5es sobre o concurso, inclusive a escolha da Banca Organizadora.<\/p>\n<p>25 de maio de 2018 &#8211; A escolha e o aceite da proposta da Banca Organizadora ocorreram \u00fanica e exclusivamente pela Comiss\u00e3o de Acompanhamento de Concurso P\u00fablico.<\/p>\n<p>29 de maio de 2018 &#8211; O CEBRASPE foi contratado. A partir desta data, iniciou-se o processo de prepara\u00e7\u00e3o do edital, incluindo conte\u00fado program\u00e1tico, cronogramas, vagas, ou seja, tudo o que envolve o processo propriamente dito.<\/p>\n","protected":false},"excerpt":{"rendered":"<p>Instituto do Patrim\u00f4nio Hist\u00f3rico e Art\u00edstico Nacional (Iphan) enviou a seguinte nota ao Blog sobre a mat\u00e9ria que mostra que um servidor foi aprovado em concurso do qual ele participou da elabora\u00e7\u00e3o. Eis a \u00edntegra: &nbsp; &#8220;Referente a mat\u00e9ria \u201cServidor do Iphan participou de reuni\u00f5es sobre concurso no qual ele foi aprovado\u201d cabe esclarecer que, [&hellip;]<\/p>\n","protected":false},"author":22,"featured_media":0,"comment_status":"open","ping_status":"closed","sticky":false,"template":"","format":"standard","meta":{"footnotes":""},"categories":[600],"tags":[],"class_list":["post-9830","post","type-post","status-publish","format-standard","hentry","category-economia"],"_links":{"self":[{"href":"https:\/\/blogs.correiobraziliense.com.br\/vicente\/wp-json\/wp\/v2\/posts\/9830","targetHints":{"allow":["GET"]}}],"collection":[{"href":"https:\/\/blogs.correiobraziliense.com.br\/vicente\/wp-json\/wp\/v2\/posts"}],"about":[{"href":"https:\/\/blogs.correiobraziliense.com.br\/vicente\/wp-json\/wp\/v2\/types\/post"}],"author":[{"embeddable":true,"href":"https:\/\/blogs.correiobraziliense.com.br\/vicente\/wp-json\/wp\/v2\/users\/22"}],"replies":[{"embeddable":true,"href":"https:\/\/blogs.correiobraziliense.com.br\/vicente\/wp-json\/wp\/v2\/comments?post=9830"}],"version-history":[{"count":1,"href":"https:\/\/blogs.correiobraziliense.com.br\/vicente\/wp-json\/wp\/v2\/posts\/9830\/revisions"}],"predecessor-version":[{"id":9832,"href":"https:\/\/blogs.correiobraziliense.com.br\/vicente\/wp-json\/wp\/v2\/posts\/9830\/revisions\/9832"}],"wp:attachment":[{"href":"https:\/\/blogs.correiobraziliense.com.br\/vicente\/wp-json\/wp\/v2\/media?parent=9830"}],"wp:term":[{"taxonomy":"category","embeddable":true,"href":"https:\/\/blogs.correiobraziliense.com.br\/vicente\/wp-json\/wp\/v2\/categories?post=9830"},{"taxonomy":"post_tag","embeddable":true,"href":"https:\/\/blogs.correiobraziliense.com.br\/vicente\/wp-json\/wp\/v2\/tags?post=9830"}],"curies":[{"name":"wp","href":"https:\/\/api.w.org\/{rel}","templated":true}]}}