{"id":9814,"date":"2019-01-24T11:18:56","date_gmt":"2019-01-24T13:18:56","guid":{"rendered":"https:\/\/blogs.correiobraziliense.com.br\/vicente\/?p=9814"},"modified":"2019-01-24T12:15:39","modified_gmt":"2019-01-24T14:15:39","slug":"bolsa-renova-recorde-e-ja-supera-os-97-mil-pontos","status":"publish","type":"post","link":"https:\/\/blogs.correiobraziliense.com.br\/vicente\/bolsa-renova-recorde-e-ja-supera-os-97-mil-pontos\/","title":{"rendered":"Bolsa renova recorde e j\u00e1 supera os 97 mil pontos"},"content":{"rendered":"<h2>As declara\u00e7\u00f5es do ministro da Economia, Paulo Guedes, de que o governo far\u00e1 uma ampla reforma da Previd\u00eancia, incluindo os militares, al\u00e9m de reduzir a carga tribut\u00e1ria sobre as empresas de 34% para 15%, deram f\u00f4lego novo \u00e0 Bolsa de Valores de S\u00e3o Paulo (B3).<\/h2>\n<p>&nbsp;<\/p>\n<p><a href=\"https:\/\/blogs.correiobraziliense.com.br\/vicente\/wp-content\/uploads\/sites\/16\/2019\/01\/PauloGuedes1.jpg\"><img loading=\"lazy\" decoding=\"async\" class=\"alignnone size-full wp-image-9818\" src=\"https:\/\/blogs.correiobraziliense.com.br\/vicente\/wp-content\/uploads\/sites\/16\/2019\/01\/PauloGuedes1.jpg\" alt=\"\" width=\"820\" height=\"555\" srcset=\"https:\/\/blogs.correiobraziliense.com.br\/vicente\/wp-content\/uploads\/sites\/16\/2019\/01\/PauloGuedes1.jpg 820w, https:\/\/blogs.correiobraziliense.com.br\/vicente\/wp-content\/uploads\/sites\/16\/2019\/01\/PauloGuedes1-300x203.jpg 300w, https:\/\/blogs.correiobraziliense.com.br\/vicente\/wp-content\/uploads\/sites\/16\/2019\/01\/PauloGuedes1-768x520.jpg 768w, https:\/\/blogs.correiobraziliense.com.br\/vicente\/wp-content\/uploads\/sites\/16\/2019\/01\/PauloGuedes1-350x237.jpg 350w, https:\/\/blogs.correiobraziliense.com.br\/vicente\/wp-content\/uploads\/sites\/16\/2019\/01\/PauloGuedes1-550x372.jpg 550w, https:\/\/blogs.correiobraziliense.com.br\/vicente\/wp-content\/uploads\/sites\/16\/2019\/01\/PauloGuedes1-230x156.jpg 230w\" sizes=\"auto, (max-width: 820px) 100vw, 820px\" \/><\/a><\/p>\n<p><strong>Foto:<\/strong> Daniel Ramalho\/AFP<\/p>\n<p>&nbsp;<\/p>\n<p>O Ibovespa, \u00edndice que mede a lucratividade das a\u00e7\u00f5es mais negociadas no preg\u00e3o paulista, j\u00e1 abriu o dia em alta e, pouco depois das 11h da manh\u00e3, marcava novo recorde, aos 97.039 pontos, com valoriza\u00e7\u00e3o de 0,50%. Se mantiver esse comportamento at\u00e9 o fim do dia, a Bolsa ter\u00e1 o 11\u00ba recorde do ano.<\/p>\n<p>&nbsp;<\/p>\n<p>O d\u00f3lar tamb\u00e9m est\u00e1 em alta, indicando que as sa\u00eddas de recursos do pa\u00eds continuam fortes. A moeda norte-americana est\u00e1 sendo negociada a R$ 3,78 para venda, com eleva\u00e7\u00e3o de 0,43%. Os especialistas, no entanto, est\u00e3o otimistas. Acreditam que, com o andamento da reforma da Previd\u00eancia, a divisa pode cair pelo menos para os R$ 3,60.<\/p>\n<p>&nbsp;<\/p>\n<p><strong>Comemora\u00e7\u00f5es<\/strong><\/p>\n<p>&nbsp;<\/p>\n<p>No governo, \u00e9 grande a comemora\u00e7\u00e3o com os recordes consecutivos cravados pela Bolsa. Indicam, na vis\u00e3o de assessores do presidente Jair Bolsonaro, que os investidores est\u00e3o mantendo o voto de confian\u00e7a na pol\u00edtica econ\u00f4mica conduzida por Paulo Guedes.<\/p>\n<p>&nbsp;<\/p>\n<p>N\u00e3o por acaso, assim como no mercado, integrantes do governo j\u00e1 est\u00e3o contando os dias para que o Ibovespa atinja a maca hist\u00f3rica dos 100 mil pontos. A convic\u00e7\u00e3o \u00e9 de que isso acontecer\u00e1 ainda em janeiro. Nesta sexta-feira, 25 de janeiro, a Bolsa estar\u00e1 fechada por causa do feriado em S\u00e3o Paulo.<\/p>\n<p>&nbsp;<\/p>\n<p>Os assessores de Bolsonaro dizem que os investidores n\u00e3o est\u00e3o dando bola para as den\u00fancias que atingem o filho n\u00famero um do presidente, o senador eleito Fl\u00e1vio Bolsonaro, que teria participado de um esquema da &#8220;rachadinha&#8221; de sal\u00e1rios de servidores da Assembleia Legislativa do Rio de Janeiro (Alerj).<\/p>\n<p>&nbsp;<\/p>\n<p><em>Bras\u00edlia, 11h18min<\/em><\/p>\n","protected":false},"excerpt":{"rendered":"<p>As declara\u00e7\u00f5es do ministro da Economia, Paulo Guedes, de que o governo far\u00e1 uma ampla reforma da Previd\u00eancia, incluindo os militares, al\u00e9m de reduzir a carga tribut\u00e1ria sobre as empresas de 34% para 15%, deram f\u00f4lego novo \u00e0 Bolsa de Valores de S\u00e3o Paulo (B3). &nbsp; Foto: Daniel Ramalho\/AFP &nbsp; O Ibovespa, \u00edndice que mede [&hellip;]<\/p>\n","protected":false},"author":22,"featured_media":0,"comment_status":"open","ping_status":"closed","sticky":false,"template":"","format":"standard","meta":{"footnotes":""},"categories":[600],"tags":[],"class_list":["post-9814","post","type-post","status-publish","format-standard","hentry","category-economia"],"_links":{"self":[{"href":"https:\/\/blogs.correiobraziliense.com.br\/vicente\/wp-json\/wp\/v2\/posts\/9814","targetHints":{"allow":["GET"]}}],"collection":[{"href":"https:\/\/blogs.correiobraziliense.com.br\/vicente\/wp-json\/wp\/v2\/posts"}],"about":[{"href":"https:\/\/blogs.correiobraziliense.com.br\/vicente\/wp-json\/wp\/v2\/types\/post"}],"author":[{"embeddable":true,"href":"https:\/\/blogs.correiobraziliense.com.br\/vicente\/wp-json\/wp\/v2\/users\/22"}],"replies":[{"embeddable":true,"href":"https:\/\/blogs.correiobraziliense.com.br\/vicente\/wp-json\/wp\/v2\/comments?post=9814"}],"version-history":[{"count":13,"href":"https:\/\/blogs.correiobraziliense.com.br\/vicente\/wp-json\/wp\/v2\/posts\/9814\/revisions"}],"predecessor-version":[{"id":9829,"href":"https:\/\/blogs.correiobraziliense.com.br\/vicente\/wp-json\/wp\/v2\/posts\/9814\/revisions\/9829"}],"wp:attachment":[{"href":"https:\/\/blogs.correiobraziliense.com.br\/vicente\/wp-json\/wp\/v2\/media?parent=9814"}],"wp:term":[{"taxonomy":"category","embeddable":true,"href":"https:\/\/blogs.correiobraziliense.com.br\/vicente\/wp-json\/wp\/v2\/categories?post=9814"},{"taxonomy":"post_tag","embeddable":true,"href":"https:\/\/blogs.correiobraziliense.com.br\/vicente\/wp-json\/wp\/v2\/tags?post=9814"}],"curies":[{"name":"wp","href":"https:\/\/api.w.org\/{rel}","templated":true}]}}