{"id":9805,"date":"2019-01-22T10:15:02","date_gmt":"2019-01-22T12:15:02","guid":{"rendered":"https:\/\/blogs.correiobraziliense.com.br\/vicente\/?p=9805"},"modified":"2019-01-22T19:32:04","modified_gmt":"2019-01-22T21:32:04","slug":"muso-do-governo-so-tem-cabeca-para-a-independencia-do-bc","status":"publish","type":"post","link":"https:\/\/blogs.correiobraziliense.com.br\/vicente\/muso-do-governo-so-tem-cabeca-para-a-independencia-do-bc\/","title":{"rendered":"Muso do governo s\u00f3 tem cabe\u00e7a para a independ\u00eancia do BC"},"content":{"rendered":"<p>BERNARDO BITTAR<\/p>\n<p>&nbsp;<\/p>\n<p>O futuro presidente do Banco Central, Roberto Campos Neto, ainda precisa ser sabatinado pelo Senado para tomar posse, mas j\u00e1 est\u00e1 imprimindo a sua marca na autoridade monet\u00e1ria.<\/p>\n<p>&nbsp;<\/p>\n<p><a href=\"https:\/\/blogs.correiobraziliense.com.br\/vicente\/wp-content\/uploads\/sites\/16\/2019\/01\/RobertoCamposNeto.jpg\"><img loading=\"lazy\" decoding=\"async\" class=\"alignnone size-full wp-image-9806\" src=\"https:\/\/blogs.correiobraziliense.com.br\/vicente\/wp-content\/uploads\/sites\/16\/2019\/01\/RobertoCamposNeto.jpg\" alt=\"\" width=\"332\" height=\"381\" srcset=\"https:\/\/blogs.correiobraziliense.com.br\/vicente\/wp-content\/uploads\/sites\/16\/2019\/01\/RobertoCamposNeto.jpg 332w, https:\/\/blogs.correiobraziliense.com.br\/vicente\/wp-content\/uploads\/sites\/16\/2019\/01\/RobertoCamposNeto-261x300.jpg 261w, https:\/\/blogs.correiobraziliense.com.br\/vicente\/wp-content\/uploads\/sites\/16\/2019\/01\/RobertoCamposNeto-305x350.jpg 305w, https:\/\/blogs.correiobraziliense.com.br\/vicente\/wp-content\/uploads\/sites\/16\/2019\/01\/RobertoCamposNeto-230x264.jpg 230w\" sizes=\"auto, (max-width: 332px) 100vw, 332px\" \/><\/a><\/p>\n<p><strong>Foto:<\/strong> Reprodu\u00e7\u00e3o<\/p>\n<p>&nbsp;<\/p>\n<p>Nomeado, temporariamente, como assessor especial do ministro da Economia, Paulo Guedes, Campos Neto tem se reunido frequentemente com diretores do BC para dar sua opini\u00e3o sobre os temas mais relevantes tratados pela institui\u00e7\u00e3o.<\/p>\n<p>&nbsp;<\/p>\n<p>A prioridade de Campos Neto j\u00e1 est\u00e1 definida: aprovar o projeto que d\u00e1 independ\u00eancia ao BC. Se conseguir quebrar essa barreira, estar\u00e1 realizando o sonho de seu av\u00f4, o economista Roberto Campos, \u00eddolo do ministro da Economia.<\/p>\n<p>&nbsp;<\/p>\n<p>A chegada de Roberto Campos Neto na Esplanada, por sinal, mexeu com a galera. Ele j\u00e1 \u00e9 citado como muso do governo.<\/p>\n<p>&nbsp;<\/p>\n<p><em>Bras\u00edlia, 10h15min<\/em><\/p>\n","protected":false},"excerpt":{"rendered":"<p>BERNARDO BITTAR &nbsp; O futuro presidente do Banco Central, Roberto Campos Neto, ainda precisa ser sabatinado pelo Senado para tomar posse, mas j\u00e1 est\u00e1 imprimindo a sua marca na autoridade monet\u00e1ria. &nbsp; Foto: Reprodu\u00e7\u00e3o &nbsp; Nomeado, temporariamente, como assessor especial do ministro da Economia, Paulo Guedes, Campos Neto tem se reunido frequentemente com diretores do [&hellip;]<\/p>\n","protected":false},"author":22,"featured_media":0,"comment_status":"open","ping_status":"closed","sticky":false,"template":"","format":"standard","meta":{"footnotes":""},"categories":[600],"tags":[],"class_list":["post-9805","post","type-post","status-publish","format-standard","hentry","category-economia"],"_links":{"self":[{"href":"https:\/\/blogs.correiobraziliense.com.br\/vicente\/wp-json\/wp\/v2\/posts\/9805","targetHints":{"allow":["GET"]}}],"collection":[{"href":"https:\/\/blogs.correiobraziliense.com.br\/vicente\/wp-json\/wp\/v2\/posts"}],"about":[{"href":"https:\/\/blogs.correiobraziliense.com.br\/vicente\/wp-json\/wp\/v2\/types\/post"}],"author":[{"embeddable":true,"href":"https:\/\/blogs.correiobraziliense.com.br\/vicente\/wp-json\/wp\/v2\/users\/22"}],"replies":[{"embeddable":true,"href":"https:\/\/blogs.correiobraziliense.com.br\/vicente\/wp-json\/wp\/v2\/comments?post=9805"}],"version-history":[{"count":1,"href":"https:\/\/blogs.correiobraziliense.com.br\/vicente\/wp-json\/wp\/v2\/posts\/9805\/revisions"}],"predecessor-version":[{"id":9807,"href":"https:\/\/blogs.correiobraziliense.com.br\/vicente\/wp-json\/wp\/v2\/posts\/9805\/revisions\/9807"}],"wp:attachment":[{"href":"https:\/\/blogs.correiobraziliense.com.br\/vicente\/wp-json\/wp\/v2\/media?parent=9805"}],"wp:term":[{"taxonomy":"category","embeddable":true,"href":"https:\/\/blogs.correiobraziliense.com.br\/vicente\/wp-json\/wp\/v2\/categories?post=9805"},{"taxonomy":"post_tag","embeddable":true,"href":"https:\/\/blogs.correiobraziliense.com.br\/vicente\/wp-json\/wp\/v2\/tags?post=9805"}],"curies":[{"name":"wp","href":"https:\/\/api.w.org\/{rel}","templated":true}]}}