{"id":9802,"date":"2019-01-22T18:12:03","date_gmt":"2019-01-22T20:12:03","guid":{"rendered":"https:\/\/blogs.correiobraziliense.com.br\/vicente\/?p=9802"},"modified":"2019-01-22T19:16:24","modified_gmt":"2019-01-22T21:16:24","slug":"para-tecnicos-do-governo-bolsonaro-foi-bolsonaro-em-davos","status":"publish","type":"post","link":"https:\/\/blogs.correiobraziliense.com.br\/vicente\/para-tecnicos-do-governo-bolsonaro-foi-bolsonaro-em-davos\/","title":{"rendered":"Para t\u00e9cnicos do governo, Bolsonaro foi Bolsonaro em Davos"},"content":{"rendered":"<h2>A como\u00e7\u00e3o provocada pelo discurso vapt-vupt do presidente Jair Bolsonaro nesta ter\u00e7a-feira (22 de janeiro), em Davos, na Su\u00ed\u00e7a, \u00e9 vista como exagerada por t\u00e9cnicos do governo, sobretudo da equipe econ\u00f4mica. Eles dizem que Bolsonaro foi Bolsonaro. N\u00e3o tem conhecimento de causa para aprofundar um debate.<\/h2>\n<p>&nbsp;<\/p>\n<p><a href=\"https:\/\/blogs.correiobraziliense.com.br\/vicente\/wp-content\/uploads\/sites\/16\/2019\/01\/Bolsonaro.jpg\"><img loading=\"lazy\" decoding=\"async\" class=\"alignnone size-full wp-image-9803\" src=\"https:\/\/blogs.correiobraziliense.com.br\/vicente\/wp-content\/uploads\/sites\/16\/2019\/01\/Bolsonaro.jpg\" alt=\"\" width=\"820\" height=\"547\" srcset=\"https:\/\/blogs.correiobraziliense.com.br\/vicente\/wp-content\/uploads\/sites\/16\/2019\/01\/Bolsonaro.jpg 820w, https:\/\/blogs.correiobraziliense.com.br\/vicente\/wp-content\/uploads\/sites\/16\/2019\/01\/Bolsonaro-300x200.jpg 300w, https:\/\/blogs.correiobraziliense.com.br\/vicente\/wp-content\/uploads\/sites\/16\/2019\/01\/Bolsonaro-768x512.jpg 768w, https:\/\/blogs.correiobraziliense.com.br\/vicente\/wp-content\/uploads\/sites\/16\/2019\/01\/Bolsonaro-350x233.jpg 350w, https:\/\/blogs.correiobraziliense.com.br\/vicente\/wp-content\/uploads\/sites\/16\/2019\/01\/Bolsonaro-550x367.jpg 550w, https:\/\/blogs.correiobraziliense.com.br\/vicente\/wp-content\/uploads\/sites\/16\/2019\/01\/Bolsonaro-230x153.jpg 230w\" sizes=\"auto, (max-width: 820px) 100vw, 820px\" \/><\/a><\/p>\n<p><strong>Foto:<\/strong> Fabr\u00edce Coffrini\/AFP<\/p>\n<p>&nbsp;<\/p>\n<p>Desde que ficou decidido que o presidente faria sua estreia no cen\u00e1rio internacional no F\u00f3rum Econ\u00f4mico Mundial, sabia-se que ele faria um discurso sem profundidade, sem tocar em temas pol\u00eamicos. Mesmo tendo sido &#8220;corrigido&#8221; por muitos ministros, nenhum deles se arriscou a incentivar o chefe a avan\u00e7ar o sinal. Sabem o perigo.<\/p>\n<p>&nbsp;<\/p>\n<p>Para os t\u00e9cnicos, depois de tantas pol\u00eamicas nesses primeiros dias de governo, com um esc\u00e2ndalo envolvendo o filho n\u00famero 1 do presidente, \u00e9 melhor ele pecar pela economia nas palavras do que virar motivo de chacota. &#8220;Na verdade, vimos com al\u00edvio os seis minutos de discurso&#8221;, diz um alto funcion\u00e1rio da Esplanada.<\/p>\n<p>&nbsp;<\/p>\n<p><em>Bras\u00edlia, 18h12min<\/em><\/p>\n","protected":false},"excerpt":{"rendered":"<p>A como\u00e7\u00e3o provocada pelo discurso vapt-vupt do presidente Jair Bolsonaro nesta ter\u00e7a-feira (22 de janeiro), em Davos, na Su\u00ed\u00e7a, \u00e9 vista como exagerada por t\u00e9cnicos do governo, sobretudo da equipe econ\u00f4mica. Eles dizem que Bolsonaro foi Bolsonaro. N\u00e3o tem conhecimento de causa para aprofundar um debate. &nbsp; Foto: Fabr\u00edce Coffrini\/AFP &nbsp; Desde que ficou decidido [&hellip;]<\/p>\n","protected":false},"author":22,"featured_media":0,"comment_status":"open","ping_status":"closed","sticky":false,"template":"","format":"standard","meta":{"footnotes":""},"categories":[600],"tags":[],"class_list":["post-9802","post","type-post","status-publish","format-standard","hentry","category-economia"],"_links":{"self":[{"href":"https:\/\/blogs.correiobraziliense.com.br\/vicente\/wp-json\/wp\/v2\/posts\/9802","targetHints":{"allow":["GET"]}}],"collection":[{"href":"https:\/\/blogs.correiobraziliense.com.br\/vicente\/wp-json\/wp\/v2\/posts"}],"about":[{"href":"https:\/\/blogs.correiobraziliense.com.br\/vicente\/wp-json\/wp\/v2\/types\/post"}],"author":[{"embeddable":true,"href":"https:\/\/blogs.correiobraziliense.com.br\/vicente\/wp-json\/wp\/v2\/users\/22"}],"replies":[{"embeddable":true,"href":"https:\/\/blogs.correiobraziliense.com.br\/vicente\/wp-json\/wp\/v2\/comments?post=9802"}],"version-history":[{"count":1,"href":"https:\/\/blogs.correiobraziliense.com.br\/vicente\/wp-json\/wp\/v2\/posts\/9802\/revisions"}],"predecessor-version":[{"id":9804,"href":"https:\/\/blogs.correiobraziliense.com.br\/vicente\/wp-json\/wp\/v2\/posts\/9802\/revisions\/9804"}],"wp:attachment":[{"href":"https:\/\/blogs.correiobraziliense.com.br\/vicente\/wp-json\/wp\/v2\/media?parent=9802"}],"wp:term":[{"taxonomy":"category","embeddable":true,"href":"https:\/\/blogs.correiobraziliense.com.br\/vicente\/wp-json\/wp\/v2\/categories?post=9802"},{"taxonomy":"post_tag","embeddable":true,"href":"https:\/\/blogs.correiobraziliense.com.br\/vicente\/wp-json\/wp\/v2\/tags?post=9802"}],"curies":[{"name":"wp","href":"https:\/\/api.w.org\/{rel}","templated":true}]}}