{"id":9793,"date":"2019-01-18T17:24:49","date_gmt":"2019-01-18T19:24:49","guid":{"rendered":"https:\/\/blogs.correiobraziliense.com.br\/vicente\/?p=9793"},"modified":"2019-01-18T20:49:37","modified_gmt":"2019-01-18T22:49:37","slug":"kelman-assume-a-presidencia-do-instituto-de-mineracao","status":"publish","type":"post","link":"https:\/\/blogs.correiobraziliense.com.br\/vicente\/kelman-assume-a-presidencia-do-instituto-de-mineracao\/","title":{"rendered":"Kelman assume a presid\u00eancia do Instituto de Minera\u00e7\u00e3o"},"content":{"rendered":"<h2>O Conselho Diretor do Instituto Brasileiro de Minera\u00e7\u00e3o (Ibram) elegeu, nesta sexta-feira (18\/01),\u00a0 o executivo Jerson Kelman para a presid\u00eancia de sua diretoria executiva. O setor reponde por 36% do saldo da balan\u00e7a comercial brasileira e gera mais de 2 milh\u00f5es de empregos, entre diretos e indiretos.<\/h2>\n<p>&nbsp;<\/p>\n<p>A minera\u00e7\u00e3o vem passando por uma profunda transforma\u00e7\u00e3o nos \u00faltimos anos, com pesados investimentos em tecnologia e moderniza\u00e7\u00e3o. Kelman substitui Walter Alvarenga, que passar\u00e1 a atuar na \u00e1rea de Assuntos Institucionais do IBram.<\/p>\n<p>&nbsp;<\/p>\n<p>Kelman nasceu no Rio de Janeiro em 1948 e \u00e9 engenheiro civil. J\u00e1 foi presidente da Sabesp e do Grupo Light, diretor-geral da Ag\u00eancia Nacional de Energia El\u00e9trica (ANEEL) e presidente da Ag\u00eancia Nacional de \u00c1guas (ANA).<\/p>\n<p>&nbsp;<\/p>\n<p>\u201cA minera\u00e7\u00e3o evolui a cada dia, se moderniza e cumpre um papel ainda mais relevante para o Brasil. \u00c9 o celeiro de inova\u00e7\u00f5es em \u00e1reas como automa\u00e7\u00e3o, intelig\u00eancia artificial e ind\u00fastria 4.0\u201d, afirma Luiz<br \/>\nEduardo Os\u00f3rio, presidente do Conselho do Ibram, que deu posse a Kelman. \u201cQueremos intensificar o dialogo com a sociedade e os governos. Demonstrar que a minera\u00e7\u00e3o \u00e9 respons\u00e1vel, sustent\u00e1vel e<br \/>\nessencial para o desenvolvimento do Brasil\u201d, diz.<\/p>\n<p>&nbsp;<\/p>\n<p>O Brasil registra 9.415 minas em regime de concess\u00e3o de lavra, de acordo com as informa\u00e7\u00f5es mais atuais. Essa ind\u00fastria representa 16,8% do Produto Interno Bruto (PIB). O pa\u00eds produz mais de 2 bilh\u00f5es de toneladas de min\u00e9rios ao ano, movimentando US$ 34 bilh\u00f5es (2018).<\/p>\n<p>&nbsp;<\/p>\n<p>Para o per\u00edodo 2018-2022 a expectativa das mineradoras \u00e9 atrair US$ 19,5 bilh\u00f5es em investimentos privados.<\/p>\n<p>&nbsp;<\/p>\n<p><em>Bras\u00edlia, 17h24min<\/em><\/p>\n","protected":false},"excerpt":{"rendered":"<p>O Conselho Diretor do Instituto Brasileiro de Minera\u00e7\u00e3o (Ibram) elegeu, nesta sexta-feira (18\/01),\u00a0 o executivo Jerson Kelman para a presid\u00eancia de sua diretoria executiva. O setor reponde por 36% do saldo da balan\u00e7a comercial brasileira e gera mais de 2 milh\u00f5es de empregos, entre diretos e indiretos. &nbsp; A minera\u00e7\u00e3o vem passando por uma profunda [&hellip;]<\/p>\n","protected":false},"author":22,"featured_media":0,"comment_status":"open","ping_status":"closed","sticky":false,"template":"","format":"standard","meta":{"footnotes":""},"categories":[600],"tags":[],"class_list":["post-9793","post","type-post","status-publish","format-standard","hentry","category-economia"],"_links":{"self":[{"href":"https:\/\/blogs.correiobraziliense.com.br\/vicente\/wp-json\/wp\/v2\/posts\/9793","targetHints":{"allow":["GET"]}}],"collection":[{"href":"https:\/\/blogs.correiobraziliense.com.br\/vicente\/wp-json\/wp\/v2\/posts"}],"about":[{"href":"https:\/\/blogs.correiobraziliense.com.br\/vicente\/wp-json\/wp\/v2\/types\/post"}],"author":[{"embeddable":true,"href":"https:\/\/blogs.correiobraziliense.com.br\/vicente\/wp-json\/wp\/v2\/users\/22"}],"replies":[{"embeddable":true,"href":"https:\/\/blogs.correiobraziliense.com.br\/vicente\/wp-json\/wp\/v2\/comments?post=9793"}],"version-history":[{"count":1,"href":"https:\/\/blogs.correiobraziliense.com.br\/vicente\/wp-json\/wp\/v2\/posts\/9793\/revisions"}],"predecessor-version":[{"id":9794,"href":"https:\/\/blogs.correiobraziliense.com.br\/vicente\/wp-json\/wp\/v2\/posts\/9793\/revisions\/9794"}],"wp:attachment":[{"href":"https:\/\/blogs.correiobraziliense.com.br\/vicente\/wp-json\/wp\/v2\/media?parent=9793"}],"wp:term":[{"taxonomy":"category","embeddable":true,"href":"https:\/\/blogs.correiobraziliense.com.br\/vicente\/wp-json\/wp\/v2\/categories?post=9793"},{"taxonomy":"post_tag","embeddable":true,"href":"https:\/\/blogs.correiobraziliense.com.br\/vicente\/wp-json\/wp\/v2\/tags?post=9793"}],"curies":[{"name":"wp","href":"https:\/\/api.w.org\/{rel}","templated":true}]}}