{"id":9782,"date":"2019-01-17T19:19:09","date_gmt":"2019-01-17T21:19:09","guid":{"rendered":"https:\/\/blogs.correiobraziliense.com.br\/vicente\/?p=9782"},"modified":"2019-01-24T17:13:50","modified_gmt":"2019-01-24T19:13:50","slug":"reforma-pode-levar-bolsa-aos-100-mil-pontos-ate-o-fim-de-janeiro","status":"publish","type":"post","link":"https:\/\/blogs.correiobraziliense.com.br\/vicente\/reforma-pode-levar-bolsa-aos-100-mil-pontos-ate-o-fim-de-janeiro\/","title":{"rendered":"Reforma pode levar Bolsa aos 100 mil pontos at\u00e9 o fim de janeiro"},"content":{"rendered":"<h2>HAMILTON FERRARI<\/h2>\n<h2><\/h2>\n<h2>Os especialistas est\u00e3o fazendo a conta e, a depender do projeto de reforma da Previd\u00eancia Social, que o governo apresentar quando o presidente Jair Bolsonaro retornar de sua viagem a Davos, na Su\u00ed\u00e7a, a Bolsa de Valores de S\u00e3o Paulo (B3) poder\u00e1 cravar os 100 mil pontos. A expectativa \u00e9 de que isso ocorra at\u00e9 o fim do m\u00eas. A Bolsa precisa subir mais 4,9% ante o fechamento desta quinta-feira (17\/01), de 95.351 pontos.<\/h2>\n<p>&nbsp;<\/p>\n<p>Segundo o vice-presidente da Rep\u00fablica, general Hamilton Mour\u00e3o, a equipe econ\u00f4mica dever\u00e1 finalizar a proposta de reforma ainda antes de Bolsonaro embarcar para a Davos. Durante a viagem, ele analisar\u00e1 todas as alternativas apresentadas e, se tudo correr nos conformes, na sexta-feira, 25 de janeiro, logo depois de pousar no pa\u00eds, ele tornar\u00e1 p\u00fablico o projeto que ser\u00e1 encaminhado ao Congresso no in\u00edcio de fevereiro.<\/p>\n<p>&nbsp;<\/p>\n<p>Os investidores est\u00e3o confiantes de que a reforma elaborada por Paulo Guedes, ministro da Economia, ser\u00e1 dura o suficiente para conter a escalada do deficit p\u00fablico. Os donos do dinheiro tamb\u00e9m acreditam que\u00a0 Guedes conseguir\u00e1 convencer Bolsonaro a incluir os militares nas mudan\u00e7as do sistema de aposentadorias e pens\u00f5es.<\/p>\n<p>&nbsp;<\/p>\n<p><strong>Rombo crescente<\/strong><\/p>\n<p>&nbsp;<\/p>\n<p>Dados do governo indicam que o rombo da Previd\u00eancia em 2018 ficou em R$ 292,2 bilh\u00f5es e passar\u00e1 tranquilamente dos R$ 300 bilh\u00f5es em 2019. Esse deficit inclui o Instituto Nacional do Seguro Social (INSS) e o regime pr\u00f3prio dos servidores p\u00fablicos. Nos estados, o buraco ultrapassou os R$ 93 bilh\u00f5es em 2018.<\/p>\n<p>&nbsp;<\/p>\n<p>O general Mour\u00e3o reconhece que n\u00e3o \u00e9 mais poss\u00edvel o pa\u00eds conviver com esse rombo crescente na Previd\u00eancia, que est\u00e1 minando a capacidade de investimentos do pa\u00eds. Para ele, enquanto n\u00e3o for solucionado o deficit da Previd\u00eancia, o trip\u00e9 econ\u00f4mico que d\u00e1 sustenta\u00e7\u00e3o ao pa\u00eds est\u00e1 fr\u00e1gil, por causa do desequil\u00edbrio fiscal.<\/p>\n<p>&nbsp;<\/p>\n<p>Se a quest\u00e3o fiscal for resolvida, o governo v\u00ea o pa\u00eds com capacidade para crescer 3,5% j\u00e1 em 2019 e acima disso nos anos seguintes. Se a reforma da Previd\u00eancia n\u00e3o for aprovada, no entanto, o avan\u00e7o do Produto Interno Bruto (PIB) ficar\u00e1 abaixo de 2% ao ano, insuficiente para resolver os problemas do desemprego e da pobreza.<\/p>\n<p>&nbsp;<\/p>\n<p><em>Bras\u00edlia, 19h19min<\/em><\/p>\n","protected":false},"excerpt":{"rendered":"<p>HAMILTON FERRARI Os especialistas est\u00e3o fazendo a conta e, a depender do projeto de reforma da Previd\u00eancia Social, que o governo apresentar quando o presidente Jair Bolsonaro retornar de sua viagem a Davos, na Su\u00ed\u00e7a, a Bolsa de Valores de S\u00e3o Paulo (B3) poder\u00e1 cravar os 100 mil pontos. A expectativa \u00e9 de que isso [&hellip;]<\/p>\n","protected":false},"author":22,"featured_media":0,"comment_status":"open","ping_status":"closed","sticky":false,"template":"","format":"standard","meta":{"footnotes":""},"categories":[600],"tags":[],"class_list":["post-9782","post","type-post","status-publish","format-standard","hentry","category-economia"],"_links":{"self":[{"href":"https:\/\/blogs.correiobraziliense.com.br\/vicente\/wp-json\/wp\/v2\/posts\/9782","targetHints":{"allow":["GET"]}}],"collection":[{"href":"https:\/\/blogs.correiobraziliense.com.br\/vicente\/wp-json\/wp\/v2\/posts"}],"about":[{"href":"https:\/\/blogs.correiobraziliense.com.br\/vicente\/wp-json\/wp\/v2\/types\/post"}],"author":[{"embeddable":true,"href":"https:\/\/blogs.correiobraziliense.com.br\/vicente\/wp-json\/wp\/v2\/users\/22"}],"replies":[{"embeddable":true,"href":"https:\/\/blogs.correiobraziliense.com.br\/vicente\/wp-json\/wp\/v2\/comments?post=9782"}],"version-history":[{"count":2,"href":"https:\/\/blogs.correiobraziliense.com.br\/vicente\/wp-json\/wp\/v2\/posts\/9782\/revisions"}],"predecessor-version":[{"id":9831,"href":"https:\/\/blogs.correiobraziliense.com.br\/vicente\/wp-json\/wp\/v2\/posts\/9782\/revisions\/9831"}],"wp:attachment":[{"href":"https:\/\/blogs.correiobraziliense.com.br\/vicente\/wp-json\/wp\/v2\/media?parent=9782"}],"wp:term":[{"taxonomy":"category","embeddable":true,"href":"https:\/\/blogs.correiobraziliense.com.br\/vicente\/wp-json\/wp\/v2\/categories?post=9782"},{"taxonomy":"post_tag","embeddable":true,"href":"https:\/\/blogs.correiobraziliense.com.br\/vicente\/wp-json\/wp\/v2\/tags?post=9782"}],"curies":[{"name":"wp","href":"https:\/\/api.w.org\/{rel}","templated":true}]}}