{"id":9773,"date":"2019-01-17T18:30:19","date_gmt":"2019-01-17T20:30:19","guid":{"rendered":"https:\/\/blogs.correiobraziliense.com.br\/vicente\/?p=9773"},"modified":"2019-01-17T19:17:50","modified_gmt":"2019-01-17T21:17:50","slug":"bolsa-de-valores-supera-os-95-mil-pontos-novo-recorde","status":"publish","type":"post","link":"https:\/\/blogs.correiobraziliense.com.br\/vicente\/bolsa-de-valores-supera-os-95-mil-pontos-novo-recorde\/","title":{"rendered":"Bolsa de Valores supera os 95 mil pontos, novo recorde"},"content":{"rendered":"<h2>GABRIEL PONTE<\/h2>\n<h2><\/h2>\n<h2>O Ibovespa, principal \u00edndice de lucratividade da Bolsa de Valores de S\u00e3o Paulo (B3), atingiu novo recorde no preg\u00e3o desta quinta-feira (17\/01), alcan\u00e7ando os 95.351 pontos, alta de 1,01%.<\/h2>\n<h2><\/h2>\n<p>A fala do secret\u00e1rio do Tesouro norte-americano, Steve Mnuchin, segundo o <em>Wall Street Journal<\/em>, no fim do dia, sugerindo rever e at\u00e9 reduzir as tarifas sobre produtos chineses, impactou positivamente os mercados, contribuindo para a intensifica\u00e7\u00e3o dos neg\u00f3cios na bolsa paulista.<\/p>\n<p>&nbsp;<\/p>\n<p>De acordo com Raphael Figueredo, s\u00f3cio-analista da Eleven Financial Research, o novo recorde deve ser analisado sob a \u00f3tica de antecipa\u00e7\u00e3o. \u201cRenovar a m\u00e1xima \u00e9 mais um dos cap\u00edtulos de tantos outros que foram iniciados neste ano com os investidores se antecipando aos fatos. A expectativa, em termos da economia, \u00e9 de ter um ano melhor. O governo est\u00e1 focado em lidar com as quest\u00f5es fiscais, melhorando os investimentos a longo prazo. Al\u00e9m disso, a fala de Mnuchin acalma os mercados internacionais\u201d, analisa.<\/p>\n<p>&nbsp;<\/p>\n<p><strong>D\u00f3lar<\/strong><\/p>\n<p>&nbsp;<\/p>\n<p>J\u00e1 o d\u00f3lar avan\u00e7ou 0,37% em rela\u00e7\u00e3o ao real, encerrando o dia negociado a R$ 3,747 a venda. A valoriza\u00e7\u00e3o da moeda ocorreu em um momento em que investidores aguardam os novos cap\u00edtulos dos desdobramentos da guerra comercial entre Estados Unidos e China.<\/p>\n<p>&nbsp;<\/p>\n<p>Al\u00e9m disso, na Europa, a n\u00e3o aprova\u00e7\u00e3o do Brexit pelo parlamento brit\u00e2nico fez crescer a desconfian\u00e7a, por parte dos investidores, em rela\u00e7\u00e3o ao poder de articula\u00e7\u00e3o da primeira-ministra, Thereza May, em obter \u00eaxito no processo de sa\u00edda de bloco europeu. As bolsas europeias tiveram desempenho p\u00edfio nos preg\u00f5es locais, com o investidor retirando o \u00edmpeto dos neg\u00f3cios.<\/p>\n<p>&nbsp;<\/p>\n<p>Segundo Jefferson Lattus, s\u00f3cio-fundador da Lattus, a busca por maiores defini\u00e7\u00f5es marcou os neg\u00f3cios desta quinta. \u201cO mundo est\u00e1 em compasso de espera, aguardando uma defini\u00e7\u00e3o da guerra comercial, a resolu\u00e7\u00e3o do Brexit e o fechamento do governo norte-americano. No Brasil, os investidores querem sentir como vai ser a aceita\u00e7\u00e3o de projetos do pr\u00f3ximo presidente no Congresso. Assim, essa especula\u00e7\u00e3o do d\u00f3lar faz parte de um mercado que n\u00e3o consegue ficar parado por muito tempo\u201d, diz.<\/p>\n<p>&nbsp;<\/p>\n<p>No entanto, apesar do mau-humor externo, Sidnei Nehme, economista da NGO Corretora, analisa que o avan\u00e7o do d\u00f3lar diante do real \u00e9 explicado pela conjuntura dom\u00e9stica. \u201cOs bancos est\u00e3o com uma posi\u00e7\u00e3o vendida, no mercado \u00e0 vista, acima de US$ 24 bilh\u00f5es, e eles est\u00e3o ancorados em linhas ofertadas pelo Banco Central (BC)&#8221;, analisa. Quando est\u00e3o em posi\u00e7\u00f5es vendidas, os bancos apostam firme na queda do d\u00f3lar mais \u00e0 frente.<\/p>\n<p>&nbsp;<\/p>\n<p>\u201cTodo mundo colocou que ter\u00edamos uma avalanche de ingresso do d\u00f3lar no in\u00edcio do ano, mas, nessas duas primeiras semanas, s\u00f3 entraram US$ 136 milh\u00f5es l\u00edquidos. Esperava-se algo de imediato, mas, na verdade, os estrangeiros aguardam a materializa\u00e7\u00e3o das reformas fiscais. Ent\u00e3o, isso criou uma ideia enganosa de que est\u00e1vamos nadando em d\u00f3lar pegando os bancos com posi\u00e7\u00e3o vendida muito grande\u201d, completa.<\/p>\n<p>&nbsp;<\/p>\n<p>Se a reforma da Previd\u00eancia Social for aprovada, os estrangeiros tender\u00e3o a voltar com tudo para o Brasil. N\u00e3o por acaso, h\u00e1 institui\u00e7\u00f5es financeiras, como o BNP Paribas, apostando em d\u00f3lar pr\u00f3ximo de R$ 3,30.<\/p>\n","protected":false},"excerpt":{"rendered":"<p>GABRIEL PONTE O Ibovespa, principal \u00edndice de lucratividade da Bolsa de Valores de S\u00e3o Paulo (B3), atingiu novo recorde no preg\u00e3o desta quinta-feira (17\/01), alcan\u00e7ando os 95.351 pontos, alta de 1,01%. A fala do secret\u00e1rio do Tesouro norte-americano, Steve Mnuchin, segundo o Wall Street Journal, no fim do dia, sugerindo rever e at\u00e9 reduzir as [&hellip;]<\/p>\n","protected":false},"author":22,"featured_media":0,"comment_status":"open","ping_status":"closed","sticky":false,"template":"","format":"standard","meta":{"footnotes":""},"categories":[600],"tags":[],"class_list":["post-9773","post","type-post","status-publish","format-standard","hentry","category-economia"],"_links":{"self":[{"href":"https:\/\/blogs.correiobraziliense.com.br\/vicente\/wp-json\/wp\/v2\/posts\/9773","targetHints":{"allow":["GET"]}}],"collection":[{"href":"https:\/\/blogs.correiobraziliense.com.br\/vicente\/wp-json\/wp\/v2\/posts"}],"about":[{"href":"https:\/\/blogs.correiobraziliense.com.br\/vicente\/wp-json\/wp\/v2\/types\/post"}],"author":[{"embeddable":true,"href":"https:\/\/blogs.correiobraziliense.com.br\/vicente\/wp-json\/wp\/v2\/users\/22"}],"replies":[{"embeddable":true,"href":"https:\/\/blogs.correiobraziliense.com.br\/vicente\/wp-json\/wp\/v2\/comments?post=9773"}],"version-history":[{"count":8,"href":"https:\/\/blogs.correiobraziliense.com.br\/vicente\/wp-json\/wp\/v2\/posts\/9773\/revisions"}],"predecessor-version":[{"id":9781,"href":"https:\/\/blogs.correiobraziliense.com.br\/vicente\/wp-json\/wp\/v2\/posts\/9773\/revisions\/9781"}],"wp:attachment":[{"href":"https:\/\/blogs.correiobraziliense.com.br\/vicente\/wp-json\/wp\/v2\/media?parent=9773"}],"wp:term":[{"taxonomy":"category","embeddable":true,"href":"https:\/\/blogs.correiobraziliense.com.br\/vicente\/wp-json\/wp\/v2\/categories?post=9773"},{"taxonomy":"post_tag","embeddable":true,"href":"https:\/\/blogs.correiobraziliense.com.br\/vicente\/wp-json\/wp\/v2\/tags?post=9773"}],"curies":[{"name":"wp","href":"https:\/\/api.w.org\/{rel}","templated":true}]}}