{"id":9758,"date":"2019-01-15T21:58:42","date_gmt":"2019-01-15T23:58:42","guid":{"rendered":"https:\/\/blogs.correiobraziliense.com.br\/vicente\/?p=9758"},"modified":"2019-01-15T22:38:12","modified_gmt":"2019-01-16T00:38:12","slug":"conselho-de-administracao-dos-correio-mantem-indicados-de-kassab","status":"publish","type":"post","link":"https:\/\/blogs.correiobraziliense.com.br\/vicente\/conselho-de-administracao-dos-correio-mantem-indicados-de-kassab\/","title":{"rendered":"Conselho de Administra\u00e7\u00e3o dos Correios mant\u00e9m indicados de Kassab"},"content":{"rendered":"<h2>ROSANA HESSEL<\/h2>\n<h2><\/h2>\n<h2>Em reuni\u00e3o extraordin\u00e1ria encerrada \u00e0s 18h desta ter\u00e7a-feira (15\/01), o Conselho de Administra\u00e7\u00e3o dos Correios aprovou a nova estrutura organizacional da companhia. Foram referendadas as indica\u00e7\u00f5es do ex-ministro das Comunica\u00e7\u00f5es, Gilberto Kassab, que prevaleceram nas vice-presid\u00eancias mantidas at\u00e9 que elas sejam mudadas para diretorias.\u00a0A nova estrutura ainda deu superpoderes ao principal aliado de Kassab, o ex-presidente dos Correios, Carlos Fortner.<\/h2>\n<p>&nbsp;<\/p>\n<p><a href=\"https:\/\/blogs.correiobraziliense.com.br\/vicente\/wp-content\/uploads\/sites\/16\/2019\/01\/Kassab.jpg\"><img loading=\"lazy\" decoding=\"async\" class=\"alignnone size-full wp-image-9770\" src=\"https:\/\/blogs.correiobraziliense.com.br\/vicente\/wp-content\/uploads\/sites\/16\/2019\/01\/Kassab.jpg\" alt=\"\" width=\"820\" height=\"516\" srcset=\"https:\/\/blogs.correiobraziliense.com.br\/vicente\/wp-content\/uploads\/sites\/16\/2019\/01\/Kassab.jpg 820w, https:\/\/blogs.correiobraziliense.com.br\/vicente\/wp-content\/uploads\/sites\/16\/2019\/01\/Kassab-300x189.jpg 300w, https:\/\/blogs.correiobraziliense.com.br\/vicente\/wp-content\/uploads\/sites\/16\/2019\/01\/Kassab-768x483.jpg 768w, https:\/\/blogs.correiobraziliense.com.br\/vicente\/wp-content\/uploads\/sites\/16\/2019\/01\/Kassab-350x220.jpg 350w, https:\/\/blogs.correiobraziliense.com.br\/vicente\/wp-content\/uploads\/sites\/16\/2019\/01\/Kassab-550x346.jpg 550w, https:\/\/blogs.correiobraziliense.com.br\/vicente\/wp-content\/uploads\/sites\/16\/2019\/01\/Kassab-230x145.jpg 230w\" sizes=\"auto, (max-width: 820px) 100vw, 820px\" \/><\/a><\/p>\n<p><strong>Foto:<\/strong> Ed Alves\/CB\/D.A Press<\/p>\n<p>&nbsp;<\/p>\n<p>A reuni\u00e3o do Conselho come\u00e7ou na segunda-feira (14\/01) e foi retomada nesta ter\u00e7a, mas n\u00e3o trocou as cartas que estavam marcadas.\u00a0Funcion\u00e1rios da companhia est\u00e3o indignados com o fato de o dono do PSD continuar interferindo politicamente na estatal, contrariando o discurso do presidente Jair Bolsonaro de que a era dos \u201camigos do rei\u201d, do toma-l\u00e1-da-c\u00e1 e das indica\u00e7\u00f5es pol\u00edticas tinha acabado.<\/p>\n<p>&nbsp;<\/p>\n<p>Segundo comunicado da empresa ao qual o <strong>Blog<\/strong> teve acesso, pelo novo Estatuto Social, houve altera\u00e7\u00f5es na estrutura, mudando a denomina\u00e7\u00e3o de vice-presid\u00eancia para diretoria, &#8220;conforme adotado por outras empresas estatais federais&#8221;. No lugar de oito vice-presid\u00eancias, a empresa passar\u00e1 a ter seis diretorias: 1) Opera\u00e7\u00f5es, 2) Neg\u00f3cios, 3) Gest\u00e3o Estrat\u00e9gica, 4) Administra\u00e7\u00e3o, 5) Governan\u00e7a, Compliance e Seguran\u00e7a e 6) Gest\u00e3o Estrat\u00e9gica de Pessoas.<\/p>\n<p>&nbsp;<\/p>\n<p>\u201cA nova estrutura s\u00f3 ser\u00e1 implantada ap\u00f3s a aprova\u00e7\u00e3o do novo Estatuto Social dos Correios pela Assembleia-Geral da empresa. Enquanto isso, o vice-presidente de Opera\u00e7\u00f5es, Carlos Fortner, responder\u00e1 tamb\u00e9m pela vice-presid\u00eancia de Neg\u00f3cios P\u00fablicos (VINEP), pela vice-presid\u00eancia de Canais (VICAN) e pela vice-presid\u00eancia Comercial (VICOM).<\/p>\n<p>&nbsp;<\/p>\n<p>O vice-presidente de Finan\u00e7as, S\u00e9rgio Neves Moraes, responder\u00e1 pela vice-presid\u00eancia de Tecnologia (VITEC), e o vice-presidente de Administra\u00e7\u00e3o, Jovino Filho, pela vice-presid\u00eancia de Gest\u00e3o Estrat\u00e9gica de Pessoas (VIGEP). Foram destitu\u00eddos os vice-presidentes de Neg\u00f3cios P\u00fablicos, de Canais, Comercial, de Gest\u00e3o Estrat\u00e9gica de Pessoas e de Tecnologia\u201d, informa o comunicado.<\/p>\n<p>&nbsp;<\/p>\n<p>Aproveitando a vit\u00f3ria de Jair Bolsonaro nas urnas, em outubro do ano passado, Kassab mudou a presid\u00eancia dos Correios e colocou o general do Ex\u00e9rcito Juarez Cunha, que assumiu o cargo em novembro, substituindo Carlos Fortner, fiel escudeiro do ex-ministro. Cunha, por sua vez, \u00e9 muito pr\u00f3ximo do vice-presidente, Hamilton Mour\u00e3o, cujo filho foi promovido no Banco do Brasil ap\u00f3s a mudan\u00e7a de governo, o que facilitou a interlocu\u00e7\u00e3o do dono do PSD com o novo governo.<\/p>\n<p>&nbsp;<\/p>\n<p>Com essa modifica\u00e7\u00e3o da estrutura dos Correios, os nomes com perfil t\u00e9cnico da empresa foram destitu\u00eddos de seus respectivos cargos, segundo uma fonte da companhia. Fortner, Moraes e Jovino Filho s\u00e3o nomes ligados a Kassab e eles continuar\u00e3o comandando suas respectivas diretorias. Ou seja, incluindo o atual presidente, o ex-ministro \u00e9 respons\u00e1vel pela indica\u00e7\u00e3o de quatro dos sete novos dirigentes da estatal.<\/p>\n<p>&nbsp;<\/p>\n<p>Um dos casos que mais chamou a aten\u00e7\u00e3o dos funcion\u00e1rios foi a indica\u00e7\u00e3o de Fortner, ex-presidente dos Correios, para a vice-presid\u00eancia de Opera\u00e7\u00f5es e outras tr\u00eas vice-presid\u00eancias at\u00e9 a mudan\u00e7a da estrutura. Ele comandar\u00e1 a diretoria de Opera\u00e7\u00f5es, \u00e1rea que n\u00e3o tem a m\u00ednima familiaridade, segundo fontes da empresa.<\/p>\n<p>&nbsp;<\/p>\n<p>Outros tr\u00eas nomes dos novos diretores indicados pelo atual presidente, Heronildes Eufr\u00e1sio Filho (Gest\u00e3o de Pessoas), coronel Artur Solon (Compliance) e Alex do Nascimento (Comercial) ainda precisam ter seus respectivos curr\u00edculos aprovados pela Casa Civil.\u00a0 Segundo informa\u00e7\u00f5es de funcion\u00e1rios da estatal, h\u00e1 uma disputa grande pela diretoria Comercial. Fortner ainda tenta influenciar no comando dessa diretoria e trabalha para derrubar a indica\u00e7\u00e3o de Cunha, Alex do Nascimento, para colocar mais um nome do PSD.<\/p>\n","protected":false},"excerpt":{"rendered":"<p>ROSANA HESSEL Em reuni\u00e3o extraordin\u00e1ria encerrada \u00e0s 18h desta ter\u00e7a-feira (15\/01), o Conselho de Administra\u00e7\u00e3o dos Correios aprovou a nova estrutura organizacional da companhia. Foram referendadas as indica\u00e7\u00f5es do ex-ministro das Comunica\u00e7\u00f5es, Gilberto Kassab, que prevaleceram nas vice-presid\u00eancias mantidas at\u00e9 que elas sejam mudadas para diretorias.\u00a0A nova estrutura ainda deu superpoderes ao principal aliado de [&hellip;]<\/p>\n","protected":false},"author":22,"featured_media":0,"comment_status":"open","ping_status":"closed","sticky":false,"template":"","format":"standard","meta":{"footnotes":""},"categories":[600],"tags":[2554,1363,177,3654,3658,646],"class_list":["post-9758","post","type-post","status-publish","format-standard","hentry","category-economia","tag-bolsonaro","tag-correios","tag-estatais","tag-kassab","tag-nova-estrutura","tag-psd"],"_links":{"self":[{"href":"https:\/\/blogs.correiobraziliense.com.br\/vicente\/wp-json\/wp\/v2\/posts\/9758","targetHints":{"allow":["GET"]}}],"collection":[{"href":"https:\/\/blogs.correiobraziliense.com.br\/vicente\/wp-json\/wp\/v2\/posts"}],"about":[{"href":"https:\/\/blogs.correiobraziliense.com.br\/vicente\/wp-json\/wp\/v2\/types\/post"}],"author":[{"embeddable":true,"href":"https:\/\/blogs.correiobraziliense.com.br\/vicente\/wp-json\/wp\/v2\/users\/22"}],"replies":[{"embeddable":true,"href":"https:\/\/blogs.correiobraziliense.com.br\/vicente\/wp-json\/wp\/v2\/comments?post=9758"}],"version-history":[{"count":11,"href":"https:\/\/blogs.correiobraziliense.com.br\/vicente\/wp-json\/wp\/v2\/posts\/9758\/revisions"}],"predecessor-version":[{"id":9771,"href":"https:\/\/blogs.correiobraziliense.com.br\/vicente\/wp-json\/wp\/v2\/posts\/9758\/revisions\/9771"}],"wp:attachment":[{"href":"https:\/\/blogs.correiobraziliense.com.br\/vicente\/wp-json\/wp\/v2\/media?parent=9758"}],"wp:term":[{"taxonomy":"category","embeddable":true,"href":"https:\/\/blogs.correiobraziliense.com.br\/vicente\/wp-json\/wp\/v2\/categories?post=9758"},{"taxonomy":"post_tag","embeddable":true,"href":"https:\/\/blogs.correiobraziliense.com.br\/vicente\/wp-json\/wp\/v2\/tags?post=9758"}],"curies":[{"name":"wp","href":"https:\/\/api.w.org\/{rel}","templated":true}]}}