{"id":9754,"date":"2019-01-15T19:47:33","date_gmt":"2019-01-15T21:47:33","guid":{"rendered":"https:\/\/blogs.correiobraziliense.com.br\/vicente\/?p=9754"},"modified":"2019-01-15T21:04:13","modified_gmt":"2019-01-15T23:04:13","slug":"mourao-ocupa-espaco-de-ernesto-araujo-entre-empresarios","status":"publish","type":"post","link":"https:\/\/blogs.correiobraziliense.com.br\/vicente\/mourao-ocupa-espaco-de-ernesto-araujo-entre-empresarios\/","title":{"rendered":"Mour\u00e3o ocupa espa\u00e7o de Ernesto Ara\u00fajo entre empres\u00e1rios"},"content":{"rendered":"<p>A fama do ministro das Rela\u00e7\u00f5es Exteriores, Ernesto Ara\u00fajo, vai de mal a pior entre empres\u00e1rios e diplomatas de outros pa\u00edses que transitam por Bras\u00edlia. Sempre que poss\u00edvel, eles preferem falar com o vice-presidente da Rep\u00fablica, general Hamilton Mour\u00e3o (<strong>foto<\/strong>), a terem de encarar o chanceler brasileiro, considerado &#8220;atrasado demais&#8221;, nas palavras de um industrial com fortes interesses no Itamaraty.<\/p>\n<p>&nbsp;<\/p>\n<p><a href=\"https:\/\/blogs.correiobraziliense.com.br\/vicente\/wp-content\/uploads\/sites\/16\/2019\/01\/Mourao.jpg\"><img loading=\"lazy\" decoding=\"async\" class=\"alignnone size-full wp-image-9755\" src=\"https:\/\/blogs.correiobraziliense.com.br\/vicente\/wp-content\/uploads\/sites\/16\/2019\/01\/Mourao.jpg\" alt=\"\" width=\"820\" height=\"448\" srcset=\"https:\/\/blogs.correiobraziliense.com.br\/vicente\/wp-content\/uploads\/sites\/16\/2019\/01\/Mourao.jpg 820w, https:\/\/blogs.correiobraziliense.com.br\/vicente\/wp-content\/uploads\/sites\/16\/2019\/01\/Mourao-300x164.jpg 300w, https:\/\/blogs.correiobraziliense.com.br\/vicente\/wp-content\/uploads\/sites\/16\/2019\/01\/Mourao-768x420.jpg 768w, https:\/\/blogs.correiobraziliense.com.br\/vicente\/wp-content\/uploads\/sites\/16\/2019\/01\/Mourao-350x191.jpg 350w, https:\/\/blogs.correiobraziliense.com.br\/vicente\/wp-content\/uploads\/sites\/16\/2019\/01\/Mourao-550x300.jpg 550w, https:\/\/blogs.correiobraziliense.com.br\/vicente\/wp-content\/uploads\/sites\/16\/2019\/01\/Mourao-230x126.jpg 230w\" sizes=\"auto, (max-width: 820px) 100vw, 820px\" \/><\/a><\/p>\n<p><strong>Foto:<\/strong> Ed Alves\/ CBPress<\/p>\n<p>&nbsp;<\/p>\n<p>Integrantes do governo reconhecem o descontentamento do empresariado e do meio diplom\u00e1tico com Ernesto Ara\u00fajo, mas dizem que, neste momento, n\u00e3o h\u00e1 muito o que ser feito.<\/p>\n<p>&nbsp;<\/p>\n<p>O chanceler est\u00e1 se sentido superpoderoso e tem plena convic\u00e7\u00e3o de que obteve carta branca do presidente Jair Bolsonaro para dizer o que pensa e agir como quer.<\/p>\n<p>&nbsp;<\/p>\n<p>Os mais cr\u00edticos ao chanceler acreditam, por\u00e9m, que ele n\u00e3o passar\u00e1 da primeira reforma que Bolsonaro vier a fazer em seu minist\u00e9rio.<\/p>\n<p>&nbsp;<\/p>\n<p>&#8220;Felizmente, temos o general Mour\u00e3o, com todo o conhecimento e compet\u00eancia, para fazer esse trabalho de diplomacia&#8221;, diz um assessor palaciano.<\/p>\n<p>&nbsp;<\/p>\n<p><em>Bras\u00edlia, 19h47min<\/em><\/p>\n","protected":false},"excerpt":{"rendered":"<p>A fama do ministro das Rela\u00e7\u00f5es Exteriores, Ernesto Ara\u00fajo, vai de mal a pior entre empres\u00e1rios e diplomatas de outros pa\u00edses que transitam por Bras\u00edlia. Sempre que poss\u00edvel, eles preferem falar com o vice-presidente da Rep\u00fablica, general Hamilton Mour\u00e3o (foto), a terem de encarar o chanceler brasileiro, considerado &#8220;atrasado demais&#8221;, nas palavras de um industrial [&hellip;]<\/p>\n","protected":false},"author":22,"featured_media":0,"comment_status":"open","ping_status":"closed","sticky":false,"template":"","format":"standard","meta":{"footnotes":""},"categories":[600],"tags":[],"class_list":["post-9754","post","type-post","status-publish","format-standard","hentry","category-economia"],"_links":{"self":[{"href":"https:\/\/blogs.correiobraziliense.com.br\/vicente\/wp-json\/wp\/v2\/posts\/9754","targetHints":{"allow":["GET"]}}],"collection":[{"href":"https:\/\/blogs.correiobraziliense.com.br\/vicente\/wp-json\/wp\/v2\/posts"}],"about":[{"href":"https:\/\/blogs.correiobraziliense.com.br\/vicente\/wp-json\/wp\/v2\/types\/post"}],"author":[{"embeddable":true,"href":"https:\/\/blogs.correiobraziliense.com.br\/vicente\/wp-json\/wp\/v2\/users\/22"}],"replies":[{"embeddable":true,"href":"https:\/\/blogs.correiobraziliense.com.br\/vicente\/wp-json\/wp\/v2\/comments?post=9754"}],"version-history":[{"count":1,"href":"https:\/\/blogs.correiobraziliense.com.br\/vicente\/wp-json\/wp\/v2\/posts\/9754\/revisions"}],"predecessor-version":[{"id":9756,"href":"https:\/\/blogs.correiobraziliense.com.br\/vicente\/wp-json\/wp\/v2\/posts\/9754\/revisions\/9756"}],"wp:attachment":[{"href":"https:\/\/blogs.correiobraziliense.com.br\/vicente\/wp-json\/wp\/v2\/media?parent=9754"}],"wp:term":[{"taxonomy":"category","embeddable":true,"href":"https:\/\/blogs.correiobraziliense.com.br\/vicente\/wp-json\/wp\/v2\/categories?post=9754"},{"taxonomy":"post_tag","embeddable":true,"href":"https:\/\/blogs.correiobraziliense.com.br\/vicente\/wp-json\/wp\/v2\/tags?post=9754"}],"curies":[{"name":"wp","href":"https:\/\/api.w.org\/{rel}","templated":true}]}}