{"id":9725,"date":"2019-01-11T16:37:46","date_gmt":"2019-01-11T18:37:46","guid":{"rendered":"https:\/\/blogs.correiobraziliense.com.br\/vicente\/?p=9725"},"modified":"2019-01-11T16:55:23","modified_gmt":"2019-01-11T18:55:23","slug":"alex-carreiro-ex-apex-diz-nas-redes-sociais-que-mantera-lealdade-a-bolsonaro","status":"publish","type":"post","link":"https:\/\/blogs.correiobraziliense.com.br\/vicente\/alex-carreiro-ex-apex-diz-nas-redes-sociais-que-mantera-lealdade-a-bolsonaro\/","title":{"rendered":"Alex Carreiro, ex-Apex, diz, nas redes sociais, que manter\u00e1 lealdade a Bolsonaro"},"content":{"rendered":"<p>Defenestrado da presid\u00eancia da Ag\u00eancia de Promo\u00e7\u00e3o de Exporta\u00e7\u00f5es e Investimentos (Apex) depois de uma semana no cargo, Alex Carreiro se manifestou nas redes sociais para ressaltar sua lealdade ao presidente da Rep\u00fablica, Jair Bolsonaro, e desejar sorte \u00e0 nova diretoria do \u00f3rg\u00e3o.<\/p>\n<p>&nbsp;<\/p>\n<figure id=\"attachment_9668\" aria-describedby=\"caption-attachment-9668\" style=\"width: 800px\" class=\"wp-caption alignnone\"><a href=\"https:\/\/blogs.correiobraziliense.com.br\/vicente\/wp-content\/uploads\/sites\/16\/2019\/01\/apex-alex.jpg\"><img loading=\"lazy\" decoding=\"async\" class=\"size-full wp-image-9668\" src=\"https:\/\/blogs.correiobraziliense.com.br\/vicente\/wp-content\/uploads\/sites\/16\/2019\/01\/apex-alex.jpg\" alt=\"Alex Carrero\" width=\"800\" height=\"673\" srcset=\"https:\/\/blogs.correiobraziliense.com.br\/vicente\/wp-content\/uploads\/sites\/16\/2019\/01\/apex-alex.jpg 800w, https:\/\/blogs.correiobraziliense.com.br\/vicente\/wp-content\/uploads\/sites\/16\/2019\/01\/apex-alex-300x252.jpg 300w, https:\/\/blogs.correiobraziliense.com.br\/vicente\/wp-content\/uploads\/sites\/16\/2019\/01\/apex-alex-768x646.jpg 768w, https:\/\/blogs.correiobraziliense.com.br\/vicente\/wp-content\/uploads\/sites\/16\/2019\/01\/apex-alex-350x294.jpg 350w, https:\/\/blogs.correiobraziliense.com.br\/vicente\/wp-content\/uploads\/sites\/16\/2019\/01\/apex-alex-550x463.jpg 550w, https:\/\/blogs.correiobraziliense.com.br\/vicente\/wp-content\/uploads\/sites\/16\/2019\/01\/apex-alex-230x193.jpg 230w\" sizes=\"auto, (max-width: 800px) 100vw, 800px\" \/><\/a><figcaption id=\"caption-attachment-9668\" class=\"wp-caption-text\">Credito: Facebook\/Reprodu\u00e7\u00e3o.<\/figcaption><\/figure>\n<p>&nbsp;<\/p>\n<p>Por meio de um post numa rede social, ele diz que, apesar do breve momento em que presidiu a Apex, agradece pela confian\u00e7a depositada nele por Bolsonaro. Carreiro foi demitido pelo Twitter pelo ministro das Rela\u00e7\u00f5es Exteriores, Ernesto Ara\u00fajo, mas se recusou a deixar o cargo. S\u00f3 o fez depois que Bolsonaro anunciou nas redes o nome do novo presidente da Apex, M\u00e1rio Vilalva.<\/p>\n<p>&nbsp;<\/p>\n<p>Veja a \u00edntrega do post:<\/p>\n<p>&nbsp;<\/p>\n<p><em>&#8220;Recebi do excelent\u00edssimo presidente da Rep\u00fablica, Jair Bolsonaro, a honrosa miss\u00e3o de presidir a Apex-Brasil, of\u00edcio que cumpri at\u00e9 o \u00faltimo instante, sem abandonar meu posto. <\/em><br \/>\n<em>Agrade\u00e7o a confian\u00e7a do presidente Bolsonaro e retribuo com a minha lealdade a oportunidade que tive, ainda que por breve momento, de presidir essa institui\u00e7\u00e3o t\u00e3o importante para a internacionaliza\u00e7\u00e3o das empresas brasileiras e o desenvolvimento do pa\u00eds.<\/em><\/p>\n<p><em>Agrade\u00e7o tamb\u00e9m aos excelentes funcion\u00e1rios Apex-Brasil o conv\u00edvio prof\u00edcuo e aproveito para cumprimentar a nova diretoria e desejar-lhe sorte. <\/em><br \/>\n<em>Que nunca nos esque\u00e7amos de olhar para o produtor brasileiro, que, a despeito das enormes dificuldades que enfrenta diariamente, segue incans\u00e1vel gerando empregos e renda para a na\u00e7\u00e3o. E que tenhamos sempre em mente que o Brasil \u00e9 maior do que qualquer um de n\u00f3s e \u00e9 por ele que devemos sempre trabalhar. <\/em><br \/>\n<em>Com coragem, com verdade, com f\u00e9.<\/em><br \/>\n<em>Brasil acima de tudo; Deus acima de todos.<\/em><\/p>\n<p><em>Alex Carreiro&#8221;<\/em><\/p>\n","protected":false},"excerpt":{"rendered":"<p>Defenestrado da presid\u00eancia da Ag\u00eancia de Promo\u00e7\u00e3o de Exporta\u00e7\u00f5es e Investimentos (Apex) depois de uma semana no cargo, Alex Carreiro se manifestou nas redes sociais para ressaltar sua lealdade ao presidente da Rep\u00fablica, Jair Bolsonaro, e desejar sorte \u00e0 nova diretoria do \u00f3rg\u00e3o. &nbsp; &nbsp; Por meio de um post numa rede social, ele diz [&hellip;]<\/p>\n","protected":false},"author":22,"featured_media":0,"comment_status":"open","ping_status":"closed","sticky":false,"template":"","format":"standard","meta":{"footnotes":""},"categories":[600],"tags":[],"class_list":["post-9725","post","type-post","status-publish","format-standard","hentry","category-economia"],"_links":{"self":[{"href":"https:\/\/blogs.correiobraziliense.com.br\/vicente\/wp-json\/wp\/v2\/posts\/9725","targetHints":{"allow":["GET"]}}],"collection":[{"href":"https:\/\/blogs.correiobraziliense.com.br\/vicente\/wp-json\/wp\/v2\/posts"}],"about":[{"href":"https:\/\/blogs.correiobraziliense.com.br\/vicente\/wp-json\/wp\/v2\/types\/post"}],"author":[{"embeddable":true,"href":"https:\/\/blogs.correiobraziliense.com.br\/vicente\/wp-json\/wp\/v2\/users\/22"}],"replies":[{"embeddable":true,"href":"https:\/\/blogs.correiobraziliense.com.br\/vicente\/wp-json\/wp\/v2\/comments?post=9725"}],"version-history":[{"count":4,"href":"https:\/\/blogs.correiobraziliense.com.br\/vicente\/wp-json\/wp\/v2\/posts\/9725\/revisions"}],"predecessor-version":[{"id":9729,"href":"https:\/\/blogs.correiobraziliense.com.br\/vicente\/wp-json\/wp\/v2\/posts\/9725\/revisions\/9729"}],"wp:attachment":[{"href":"https:\/\/blogs.correiobraziliense.com.br\/vicente\/wp-json\/wp\/v2\/media?parent=9725"}],"wp:term":[{"taxonomy":"category","embeddable":true,"href":"https:\/\/blogs.correiobraziliense.com.br\/vicente\/wp-json\/wp\/v2\/categories?post=9725"},{"taxonomy":"post_tag","embeddable":true,"href":"https:\/\/blogs.correiobraziliense.com.br\/vicente\/wp-json\/wp\/v2\/tags?post=9725"}],"curies":[{"name":"wp","href":"https:\/\/api.w.org\/{rel}","templated":true}]}}