{"id":9722,"date":"2019-01-11T12:45:08","date_gmt":"2019-01-11T14:45:08","guid":{"rendered":"https:\/\/blogs.correiobraziliense.com.br\/vicente\/?p=9722"},"modified":"2019-01-11T13:12:32","modified_gmt":"2019-01-11T15:12:32","slug":"renato-vieira-tomara-posse-no-inss-com-missao-de-combater-fraudes-e-melhorar-atendimento","status":"publish","type":"post","link":"https:\/\/blogs.correiobraziliense.com.br\/vicente\/renato-vieira-tomara-posse-no-inss-com-missao-de-combater-fraudes-e-melhorar-atendimento\/","title":{"rendered":"Renato Vieira tomar\u00e1 posse no INSS com miss\u00e3o de combater fraudes e melhorar atendimento"},"content":{"rendered":"<h2>O procurador federal Renato Vieira (<strong>foto<\/strong>), 37 anos, assumir\u00e1 a presid\u00eancia do Instituto Nacional do Seguro Social (INSS) com tr\u00eas importantes miss\u00f5es: ampliar o combate a fraudes, acelerar as mudan\u00e7as tecnol\u00f3gicas do \u00f3rg\u00e3o e melhorar o atendimento ao p\u00fablico. A nomea\u00e7\u00e3o dele est\u00e1 prevista para sair no <em>Di\u00e1rio Oficial da Uni\u00e3o<\/em> de segunda-feira, 14 de janeiro.<\/h2>\n<p>&nbsp;<\/p>\n<p><a href=\"https:\/\/blogs.correiobraziliense.com.br\/vicente\/wp-content\/uploads\/sites\/16\/2019\/01\/VieiraINSS.jpg\"><img loading=\"lazy\" decoding=\"async\" class=\"alignnone wp-image-9723\" src=\"https:\/\/blogs.correiobraziliense.com.br\/vicente\/wp-content\/uploads\/sites\/16\/2019\/01\/VieiraINSS.jpg\" alt=\"\" width=\"343\" height=\"228\" srcset=\"https:\/\/blogs.correiobraziliense.com.br\/vicente\/wp-content\/uploads\/sites\/16\/2019\/01\/VieiraINSS.jpg 275w, https:\/\/blogs.correiobraziliense.com.br\/vicente\/wp-content\/uploads\/sites\/16\/2019\/01\/VieiraINSS-230x153.jpg 230w\" sizes=\"auto, (max-width: 343px) 100vw, 343px\" \/><\/a><\/p>\n<p><strong>Foto:<\/strong> Jos\u00e9 Cruz\/ Ag\u00eancia Brasil<\/p>\n<p>&nbsp;<\/p>\n<p>Vieira foi uma escolha pessoal do ministro da Economia, Paulo Guedes, ao qual o INSS ficou subordinado depois da reestrutura\u00e7\u00e3o na Esplanada dos Minist\u00e9rios feita pelo governo de Jair Bolsonaro.<\/p>\n<p>&nbsp;<\/p>\n<p>A meta era manter o atual presidente do instituto, Edison Garcia (<strong>foto<\/strong>), no cargo. Ele chegou a ser convidado pelo secret\u00e1rio especial de Previd\u00eancia, Rog\u00e9rio Marinho, mas n\u00e3o p\u00f4de aceitar. Garcia j\u00e1 havia assumido compromisso com o governador do Distrito Federal, Ibaneis Rocha, para presidir a Companhia Energ\u00e9tica de Bras\u00edlia (CEB).<\/p>\n<p>&nbsp;<\/p>\n<p>O novo presidente do INSS foi assessor especial da Casa Civil no governo de Michel Temer e, desde o in\u00edcio do ano, estava incorporado \u00e0 assessoria especial de Guedes.<\/p>\n<p>&nbsp;<\/p>\n<figure id=\"attachment_9535\" aria-describedby=\"caption-attachment-9535\" style=\"width: 557px\" class=\"wp-caption alignnone\"><a href=\"https:\/\/blogs.correiobraziliense.com.br\/vicente\/wp-content\/uploads\/sites\/16\/2018\/12\/edison.jpg\"><img loading=\"lazy\" decoding=\"async\" class=\" wp-image-9535\" src=\"https:\/\/blogs.correiobraziliense.com.br\/vicente\/wp-content\/uploads\/sites\/16\/2018\/12\/edison.jpg\" alt=\"inss\" width=\"557\" height=\"349\" srcset=\"https:\/\/blogs.correiobraziliense.com.br\/vicente\/wp-content\/uploads\/sites\/16\/2018\/12\/edison.jpg 750w, https:\/\/blogs.correiobraziliense.com.br\/vicente\/wp-content\/uploads\/sites\/16\/2018\/12\/edison-300x188.jpg 300w, https:\/\/blogs.correiobraziliense.com.br\/vicente\/wp-content\/uploads\/sites\/16\/2018\/12\/edison-350x219.jpg 350w, https:\/\/blogs.correiobraziliense.com.br\/vicente\/wp-content\/uploads\/sites\/16\/2018\/12\/edison-550x345.jpg 550w, https:\/\/blogs.correiobraziliense.com.br\/vicente\/wp-content\/uploads\/sites\/16\/2018\/12\/edison-230x144.jpg 230w\" sizes=\"auto, (max-width: 557px) 100vw, 557px\" \/><\/a><figcaption id=\"caption-attachment-9535\" class=\"wp-caption-text\"><strong>Foto:<\/strong>\u00a0 Arthur Menescal\/Esp.CB\/D.A. Press<\/figcaption><\/figure>\n<p>&nbsp;<\/p>\n<p>Edison Garcia acredita que seu sucessor encontrar\u00e1 a casa mais arrumada. Nos \u00faltimos dois anos, diz Garcia, muitos processos foram agilizados, com grande redu\u00e7\u00e3o nas fraudes em benef\u00edcios, com revis\u00f5es de aposentadorias e pens\u00f5es e com a ado\u00e7\u00e3o de b\u00f4nus para servidores que detectarem irregularidades nas concess\u00f5es.<\/p>\n<p>&nbsp;<\/p>\n<p>Esse processo ser\u00e1 refor\u00e7ado pelo governo de Bolsonaro com a edi\u00e7\u00e3o de uma Medida Provis\u00f3ria que prev\u00ea economia de R$ 20 bilh\u00f5es por ano por meio de combate a fraudes. A MP deve sair nos pr\u00f3ximos dias, se antecipando \u00e0 reforma da Previd\u00eancia.<\/p>\n<p>&nbsp;<\/p>\n<p>Na avalia\u00e7\u00e3o de Garcia, se conseguir avan\u00e7ar na detec\u00e7\u00e3o e no combate \u00e0s fraudes, aprimorar a tecnologia e dar melhor assist\u00eancia \u00e0 popula\u00e7\u00e3o, Vieira far\u00e1 uma boa gest\u00e3o. Tudo, \u00e9 claro, tendo como pilar o projeto de reforma que ser\u00e1 encaminhada pelo governo ao Congresso assim que os trabalhos forem retomados.<\/p>\n<p>&nbsp;<\/p>\n<p><em>Bras\u00edlia, 12h45min<\/em><\/p>\n","protected":false},"excerpt":{"rendered":"<p>O procurador federal Renato Vieira (foto), 37 anos, assumir\u00e1 a presid\u00eancia do Instituto Nacional do Seguro Social (INSS) com tr\u00eas importantes miss\u00f5es: ampliar o combate a fraudes, acelerar as mudan\u00e7as tecnol\u00f3gicas do \u00f3rg\u00e3o e melhorar o atendimento ao p\u00fablico. A nomea\u00e7\u00e3o dele est\u00e1 prevista para sair no Di\u00e1rio Oficial da Uni\u00e3o de segunda-feira, 14 de [&hellip;]<\/p>\n","protected":false},"author":22,"featured_media":0,"comment_status":"open","ping_status":"closed","sticky":false,"template":"","format":"standard","meta":{"footnotes":""},"categories":[600],"tags":[],"class_list":["post-9722","post","type-post","status-publish","format-standard","hentry","category-economia"],"_links":{"self":[{"href":"https:\/\/blogs.correiobraziliense.com.br\/vicente\/wp-json\/wp\/v2\/posts\/9722","targetHints":{"allow":["GET"]}}],"collection":[{"href":"https:\/\/blogs.correiobraziliense.com.br\/vicente\/wp-json\/wp\/v2\/posts"}],"about":[{"href":"https:\/\/blogs.correiobraziliense.com.br\/vicente\/wp-json\/wp\/v2\/types\/post"}],"author":[{"embeddable":true,"href":"https:\/\/blogs.correiobraziliense.com.br\/vicente\/wp-json\/wp\/v2\/users\/22"}],"replies":[{"embeddable":true,"href":"https:\/\/blogs.correiobraziliense.com.br\/vicente\/wp-json\/wp\/v2\/comments?post=9722"}],"version-history":[{"count":1,"href":"https:\/\/blogs.correiobraziliense.com.br\/vicente\/wp-json\/wp\/v2\/posts\/9722\/revisions"}],"predecessor-version":[{"id":9724,"href":"https:\/\/blogs.correiobraziliense.com.br\/vicente\/wp-json\/wp\/v2\/posts\/9722\/revisions\/9724"}],"wp:attachment":[{"href":"https:\/\/blogs.correiobraziliense.com.br\/vicente\/wp-json\/wp\/v2\/media?parent=9722"}],"wp:term":[{"taxonomy":"category","embeddable":true,"href":"https:\/\/blogs.correiobraziliense.com.br\/vicente\/wp-json\/wp\/v2\/categories?post=9722"},{"taxonomy":"post_tag","embeddable":true,"href":"https:\/\/blogs.correiobraziliense.com.br\/vicente\/wp-json\/wp\/v2\/tags?post=9722"}],"curies":[{"name":"wp","href":"https:\/\/api.w.org\/{rel}","templated":true}]}}