{"id":9704,"date":"2019-01-11T09:08:40","date_gmt":"2019-01-11T11:08:40","guid":{"rendered":"https:\/\/blogs.correiobraziliense.com.br\/vicente\/?p=9704"},"modified":"2019-01-11T10:19:10","modified_gmt":"2019-01-11T12:19:10","slug":"inflacao-cumpre-meta-e-termina-2018-em-375-segundo-ibge","status":"publish","type":"post","link":"https:\/\/blogs.correiobraziliense.com.br\/vicente\/inflacao-cumpre-meta-e-termina-2018-em-375-segundo-ibge\/","title":{"rendered":"Infla\u00e7\u00e3o cumpre meta e termina 2018 em 3,75%, segundo IBGE"},"content":{"rendered":"<h2>HAMILTON FERRARI<\/h2>\n<h2><\/h2>\n<h2>O \u00cdndice Nacional de Pre\u00e7os ao Consumidor Amplo (IPCA) registrou 3,75% no acumulado de 2018, bem abaixo do centro da meta de infla\u00e7\u00e3o, que \u00e9 de 4,5%. Os dados foram divulgados na manh\u00e3 desta sexta-feira (11\/1) pelo Instituto Nacional de Geografia e Estat\u00edstica (IBGE).<\/h2>\n<p>&nbsp;<\/p>\n<p>O resultado foi poss\u00edvel depois que a taxa contabilizada em dezembro foi de 0,15%, o que \u00e9 a menor varia\u00e7\u00e3o para o m\u00eas desde o in\u00edcio do o Plano Real, em 1994.<\/p>\n<p>&nbsp;<\/p>\n<p>Segundo o IBGE, o \u00edndice de 2018 foi influenciado, principalmente, por tr\u00eas grupos: Habita\u00e7\u00e3o, Transportes e Alimenta\u00e7\u00e3o e bebidas, que subiram, respectivamente, 4,72%, 4,19% e 4,04%. Juntos, impactaram 66% do IPCA \u2014 ou seja, 2,49 pontos percentuais.<\/p>\n<p>&nbsp;<\/p>\n<p>No primeiro grupo, a energia el\u00e9trica contribuiu com varia\u00e7\u00e3o acumulada de 8,7%. Em 2017, a conta de luz havia aumentado em 10,35%. A alta no grupo de Transportes foi influenciada pelo encarecimento das passagens a\u00e9reas (16,92%), da gasolina (7,24%) e do \u00f4nibus urbanos (6,32%).<\/p>\n<p>&nbsp;<\/p>\n<p>Respons\u00e1vel por cerca de 1\/4 das despesas familiares, a Alimenta\u00e7\u00e3o teve o principal impacto no IPCA, com contribui\u00e7\u00e3o de 0,99 ponto percentual. Os pre\u00e7os dos alimentos consumidos em casa subiram 4,53%, com destaques para o tomate (71,75%), as frutas (14,10%), o leite longa vida (8,3%), o p\u00e3o franc\u00eas (6,46%) e as carnes (2,25%). Na contram\u00e3o, o caf\u00e9 mo\u00eddo (-8,22%), a farinha de mandioca (-13,26%), o a\u00e7\u00facar cristal (-6,6%) e o alho (-10,81%) ficaram mais baratos em 2018.<\/p>\n<p>&nbsp;<\/p>\n<p>A alimenta\u00e7\u00e3o consumida fora de casa apresentou varia\u00e7\u00e3o de 3,17%.<\/p>\n<p>&nbsp;<\/p>\n<p>O grupo Educa\u00e7\u00e3o registrou a maior taxa (5,32%), apesar do peso na infla\u00e7\u00e3o ser menor do que outros grupos. Sa\u00fade e cuidados pessoais fechou o ano com varia\u00e7\u00e3o de 3,95%. O principal vil\u00e3o foram as mensalidades dos planos de sa\u00fade, que ficaram em 11,17%.<\/p>\n<p>&nbsp;<\/p>\n<p>Os Artigos de resid\u00eancia tiveram alta de 3,74%, com destaque para os eletrodom\u00e9sticos (6,28%). As despesas pessoais e Vestu\u00e1rio cresceram 2,98% e 0,61%, respectivamente, em 2018. O \u00fanico grupo que apresentou defla\u00e7\u00e3o \u2014 queda de pre\u00e7os \u2014 foi Comunica\u00e7\u00e3o (-0,09%), ap\u00f3s recuo de -1,28% dos valores cobrados em telefonia fixa.<\/p>\n<p>&nbsp;<\/p>\n<p><strong>Confira como foi a varia\u00e7\u00e3o de cada grupo:\u00a0<\/strong><\/p>\n<p>Alimenta\u00e7\u00e3o e Bebidas: 4,04%<br \/>\nHabita\u00e7\u00e3o: 4,72%<br \/>\nArtigos de Resid\u00eancia: 3,74%<br \/>\nVestu\u00e1rio: 0,61%<br \/>\nTransportes: 4,19%<br \/>\nSa\u00fade e Cuidados Pessoais: 3,95%<br \/>\nDespesas Pessoais: 2,98%<br \/>\nEduca\u00e7\u00e3o: 5,32%<br \/>\nComunica\u00e7\u00e3o: -0,09%<\/p>\n<p>&nbsp;<\/p>\n<p><strong>Meta inflacion\u00e1ria<\/strong><\/p>\n<p>&nbsp;<\/p>\n<p>O Comit\u00ea Monet\u00e1rio Nacional (CMN) estabeleceu que a meta de infla\u00e7\u00e3o de 2018 era de 4,5%, com margem de erro de 1,5 ponto percentual, tanto para mais, quanto para menos. Ou seja, a varia\u00e7\u00e3o de pre\u00e7os do ano teria que terminar no intervalo entre 3% e 6% para cumprir o objetivo.<\/p>\n<p>&nbsp;<\/p>\n<p>De acordo com analistas, a infla\u00e7\u00e3o se mostra controlada diante da atividade econ\u00f4mica fraca. Com o baixo consumo das fam\u00edlias , devido ao desemprego elevado, pouco h\u00e1 espa\u00e7o para alta nos pre\u00e7os.<\/p>\n<p>&nbsp;<\/p>\n<p>O resultado do IPCA terminou pouco acima das estimativas de mercado, que, segundo a \u00faltima pesquisa Focus do Banco Central (BC), esperava um \u00edndice de 3,69%.\u00a0Em 2017, a infla\u00e7\u00e3o terminou em 2,95%.<\/p>\n<p>&nbsp;<\/p>\n<p>Para 2019, a expectativa dos economistas \u00e9 de que o indicador termine o ano em 4,01%. A meta de infla\u00e7\u00e3o deste ano \u00e9 de 4,25% \u2014 com intervalo entre 2,75% a 5,75%<\/p>\n<p>&nbsp;<\/p>\n<p><strong>INPC<\/strong><\/p>\n<p>&nbsp;<\/p>\n<p>O \u00cdndice Nacional de Pre\u00e7os ao Consumidor (INPC) de 2018 fechou em 3,43%, acima dos 2,07% registrados no ano anterior. A taxa \u00e9 calculada desde 1979 para verificar a varia\u00e7\u00e3o de pre\u00e7os para as fam\u00edlias que recebem at\u00e9 cinco sal\u00e1rios m\u00ednimos. O indicador serve para reajustar o sal\u00e1rio m\u00ednimo e o piso dos benef\u00edcios previdenci\u00e1rios.<\/p>\n<p>&nbsp;<\/p>\n<p><em>Bras\u00edlia 9h01min<\/em><\/p>\n","protected":false},"excerpt":{"rendered":"<p>HAMILTON FERRARI O \u00cdndice Nacional de Pre\u00e7os ao Consumidor Amplo (IPCA) registrou 3,75% no acumulado de 2018, bem abaixo do centro da meta de infla\u00e7\u00e3o, que \u00e9 de 4,5%. Os dados foram divulgados na manh\u00e3 desta sexta-feira (11\/1) pelo Instituto Nacional de Geografia e Estat\u00edstica (IBGE). &nbsp; O resultado foi poss\u00edvel depois que a taxa [&hellip;]<\/p>\n","protected":false},"author":22,"featured_media":0,"comment_status":"open","ping_status":"closed","sticky":false,"template":"","format":"standard","meta":{"footnotes":""},"categories":[600],"tags":[391,14,1213,390],"class_list":["post-9704","post","type-post","status-publish","format-standard","hentry","category-economia","tag-ibge","tag-inflacao","tag-ipca","tag-precos"],"_links":{"self":[{"href":"https:\/\/blogs.correiobraziliense.com.br\/vicente\/wp-json\/wp\/v2\/posts\/9704","targetHints":{"allow":["GET"]}}],"collection":[{"href":"https:\/\/blogs.correiobraziliense.com.br\/vicente\/wp-json\/wp\/v2\/posts"}],"about":[{"href":"https:\/\/blogs.correiobraziliense.com.br\/vicente\/wp-json\/wp\/v2\/types\/post"}],"author":[{"embeddable":true,"href":"https:\/\/blogs.correiobraziliense.com.br\/vicente\/wp-json\/wp\/v2\/users\/22"}],"replies":[{"embeddable":true,"href":"https:\/\/blogs.correiobraziliense.com.br\/vicente\/wp-json\/wp\/v2\/comments?post=9704"}],"version-history":[{"count":12,"href":"https:\/\/blogs.correiobraziliense.com.br\/vicente\/wp-json\/wp\/v2\/posts\/9704\/revisions"}],"predecessor-version":[{"id":9717,"href":"https:\/\/blogs.correiobraziliense.com.br\/vicente\/wp-json\/wp\/v2\/posts\/9704\/revisions\/9717"}],"wp:attachment":[{"href":"https:\/\/blogs.correiobraziliense.com.br\/vicente\/wp-json\/wp\/v2\/media?parent=9704"}],"wp:term":[{"taxonomy":"category","embeddable":true,"href":"https:\/\/blogs.correiobraziliense.com.br\/vicente\/wp-json\/wp\/v2\/categories?post=9704"},{"taxonomy":"post_tag","embeddable":true,"href":"https:\/\/blogs.correiobraziliense.com.br\/vicente\/wp-json\/wp\/v2\/tags?post=9704"}],"curies":[{"name":"wp","href":"https:\/\/api.w.org\/{rel}","templated":true}]}}