{"id":9635,"date":"2019-01-09T18:28:14","date_gmt":"2019-01-09T20:28:14","guid":{"rendered":"https:\/\/blogs.correiobraziliense.com.br\/vicente\/?p=9635"},"modified":"2019-01-09T18:49:41","modified_gmt":"2019-01-09T20:49:41","slug":"novo-recorde-bolsar-de-valores-fecha-em-93-613-pontos","status":"publish","type":"post","link":"https:\/\/blogs.correiobraziliense.com.br\/vicente\/novo-recorde-bolsar-de-valores-fecha-em-93-613-pontos\/","title":{"rendered":"Novo recorde: Bolsa de Valores fecha em 93.613 pontos"},"content":{"rendered":"<h2>HAMILTON FERRARI<\/h2>\n<h2><\/h2>\n<h2>Em dia de otimismo no exterior e no Brasil, o Ibovespa, principal \u00edndice da Bolsa de Valores de S\u00e3o Paulo (B3), subiu 1,72% e marcou 93.613 pontos, registrando o maior resultado\u00a0da hist\u00f3ria. O d\u00f3lar atingiu, por sua vez, R$ 3,69, ap\u00f3s queda de 0,75%. O preg\u00e3o mostrou uma entrada de capital estrangeiro, com investidores mais animados com a possibilidade de uma reforma da Previd\u00eancia mais dura.<\/h2>\n<h2><\/h2>\n<p>Nesta ter\u00e7a-feira (9\/1) o ministro da Economia, Paulo Guedes, sinalizou que quer uma proposta mais \u201crobusta\u201d, ou seja, impactando positivamente nas contas p\u00fablicas. O governo federal pensa numa reforma em que n\u00e3o precisaria \u201cpensar em outra\u201d em pelo menos 20 anos.<\/p>\n<p>&nbsp;<\/p>\n<p>No lado externo, as bolsas mundiais subiram sustentadas na expectativa favor\u00e1vel sobre as conversas comerciais entre Estados Unidos e China. Os mercados da Europa fecharam majoritariamente em alta. H\u00e1 expectativa de que as duas na\u00e7\u00f5es divulguem um comunicado internacional revelando os progressos realizados durante as negocia\u00e7\u00f5es. A mensagem pode ser encaminhada ainda na noite desta quarta ou na madrugada de quinta (10\/1). Segundo economistas, a esperan\u00e7a \u00e9 de um resultado favor\u00e1vel nas conversas.<\/p>\n<p>&nbsp;<\/p>\n<p>Al\u00e9m disso, a desvaloriza\u00e7\u00e3o do d\u00f3lar foi influenciada depois que o presidente da distrital do Federal Reserve (Fed, o banco central norte-americano) em St. Louis, James Bullard, afirmou que o pa\u00eds pode entrar em recess\u00e3o se a autoridade monet\u00e1ria dar continuidade na alta de juros nos Estados Unidos.<\/p>\n<p>&nbsp;<\/p>\n<p><em>Bras\u00edlia, 18h25min<\/em><\/p>\n","protected":false},"excerpt":{"rendered":"<p>HAMILTON FERRARI Em dia de otimismo no exterior e no Brasil, o Ibovespa, principal \u00edndice da Bolsa de Valores de S\u00e3o Paulo (B3), subiu 1,72% e marcou 93.613 pontos, registrando o maior resultado\u00a0da hist\u00f3ria. O d\u00f3lar atingiu, por sua vez, R$ 3,69, ap\u00f3s queda de 0,75%. O preg\u00e3o mostrou uma entrada de capital estrangeiro, com [&hellip;]<\/p>\n","protected":false},"author":22,"featured_media":0,"comment_status":"open","ping_status":"closed","sticky":false,"template":"","format":"standard","meta":{"footnotes":""},"categories":[600],"tags":[2393,3653,181,614],"class_list":["post-9635","post","type-post","status-publish","format-standard","hentry","category-economia","tag-bolsa","tag-pregao","tag-recorde","tag-reforma"],"_links":{"self":[{"href":"https:\/\/blogs.correiobraziliense.com.br\/vicente\/wp-json\/wp\/v2\/posts\/9635","targetHints":{"allow":["GET"]}}],"collection":[{"href":"https:\/\/blogs.correiobraziliense.com.br\/vicente\/wp-json\/wp\/v2\/posts"}],"about":[{"href":"https:\/\/blogs.correiobraziliense.com.br\/vicente\/wp-json\/wp\/v2\/types\/post"}],"author":[{"embeddable":true,"href":"https:\/\/blogs.correiobraziliense.com.br\/vicente\/wp-json\/wp\/v2\/users\/22"}],"replies":[{"embeddable":true,"href":"https:\/\/blogs.correiobraziliense.com.br\/vicente\/wp-json\/wp\/v2\/comments?post=9635"}],"version-history":[{"count":3,"href":"https:\/\/blogs.correiobraziliense.com.br\/vicente\/wp-json\/wp\/v2\/posts\/9635\/revisions"}],"predecessor-version":[{"id":9638,"href":"https:\/\/blogs.correiobraziliense.com.br\/vicente\/wp-json\/wp\/v2\/posts\/9635\/revisions\/9638"}],"wp:attachment":[{"href":"https:\/\/blogs.correiobraziliense.com.br\/vicente\/wp-json\/wp\/v2\/media?parent=9635"}],"wp:term":[{"taxonomy":"category","embeddable":true,"href":"https:\/\/blogs.correiobraziliense.com.br\/vicente\/wp-json\/wp\/v2\/categories?post=9635"},{"taxonomy":"post_tag","embeddable":true,"href":"https:\/\/blogs.correiobraziliense.com.br\/vicente\/wp-json\/wp\/v2\/tags?post=9635"}],"curies":[{"name":"wp","href":"https:\/\/api.w.org\/{rel}","templated":true}]}}