{"id":9631,"date":"2019-01-08T22:01:59","date_gmt":"2019-01-09T00:01:59","guid":{"rendered":"https:\/\/blogs.correiobraziliense.com.br\/vicente\/?p=9631"},"modified":"2019-01-08T22:24:57","modified_gmt":"2019-01-09T00:24:57","slug":"governo-manda-acabar-com-farra-de-picciani-na-aglo","status":"publish","type":"post","link":"https:\/\/blogs.correiobraziliense.com.br\/vicente\/governo-manda-acabar-com-farra-de-picciani-na-aglo\/","title":{"rendered":"Governo manda acabar com farra de Picciani na Aglo"},"content":{"rendered":"<h2>Dentro do processo de limpeza que o governo de Jair Bolsonaro diz que far\u00e1 no governo, um alvo, em especial entrou na mira do Pal\u00e1cio do Planalto: a Autoridade de Governan\u00e7a do Legado Ol\u00edmpico (Aglo), que se tornou um reduto de indicados por Leonardo Picciani (MDB), ex-ministro dos Esportes.<\/h2>\n<p>&nbsp;<\/p>\n<p>Agora sob o guarda-chuva do Minist\u00e9rio da Cidadania, a determina\u00e7\u00e3o \u00e9 cortar ao m\u00e1ximo o n\u00famero de cargos da Aglo, cujos sal\u00e1rios variam de R$ 15 mil a R$ 21 mil. O ministro Osmar Terra, e o secret\u00e1rio de Esportes, general Marco Aur\u00e9lio Vieira, planejam reduzir \u00e0 metade os 91 funcion\u00e1rios da autarquia, que sucedeu \u00e0 Autoridade P\u00fablica Ol\u00edmpica (APO).<\/p>\n<p>&nbsp;<\/p>\n<p>A Aglo, como se sabe, tem prazo de validade. Est\u00e1 prevista para encerrar as suas atividades em junho deste ano, se houver concess\u00e3o dos centros ol\u00edmpicos sob sua administra\u00e7\u00e3o \u00e0 iniciativa privada. A autarquia foi criada depois das Olimp\u00edadas do Rio de Janeiro, quando fracassaram as iniciativas do ent\u00e3o prefeito, Eduardo Paes, de repassar o parque ol\u00edmpico para a explora\u00e7\u00e3o de empresas.<\/p>\n<p>&nbsp;<\/p>\n<p>A Autoridade de Governan\u00e7a do Legado Ol\u00edmpico administra as arenas Carioca I e II, o vel\u00f3dromo e o Centro Ol\u00edmpico de T\u00eanis. Enquanto espera as parcerias empresariais, entretanto, o governo Bolsonaro vai tratar de enxugar a autarquia. Integrantes do governo est\u00e3o convictos de que mais de 90 pessoas para cuidar dessa estrutura \u00e9 um exagero.<\/p>\n<p>&nbsp;<\/p>\n<p>Sabe-se que a Aglo virou um cabide de emprego para apadrinhados da parcela do MDB derrotada nas urnas.\u00a0Ent\u00e3o ministro dos Esportes, quando a Aglo foi criada, Picciani aproveitou os cargos com excelentes sal\u00e1rios para agraciar aliados pol\u00edticos. Foi uma farra. Quem trabalha l\u00e1 sabe que muita gente nem aparece para assinar o ponto, mesmo assim, n\u00e3o tem descontos no contracheque.<\/p>\n<p>&nbsp;<\/p>\n<p>Em 2018, o or\u00e7amento da Aglo foi de R$ 174 milh\u00f5es. Para este ano, baixou para R$ 166 milh\u00f5es, apesar do prazo de validade vencer daqui a seis meses.<\/p>\n<p>&nbsp;<\/p>\n<p><em>Bras\u00edlia, 22h01min<\/em><\/p>\n","protected":false},"excerpt":{"rendered":"<p>Dentro do processo de limpeza que o governo de Jair Bolsonaro diz que far\u00e1 no governo, um alvo, em especial entrou na mira do Pal\u00e1cio do Planalto: a Autoridade de Governan\u00e7a do Legado Ol\u00edmpico (Aglo), que se tornou um reduto de indicados por Leonardo Picciani (MDB), ex-ministro dos Esportes. &nbsp; Agora sob o guarda-chuva do [&hellip;]<\/p>\n","protected":false},"author":22,"featured_media":0,"comment_status":"open","ping_status":"closed","sticky":false,"template":"","format":"standard","meta":{"footnotes":""},"categories":[600],"tags":[],"class_list":["post-9631","post","type-post","status-publish","format-standard","hentry","category-economia"],"_links":{"self":[{"href":"https:\/\/blogs.correiobraziliense.com.br\/vicente\/wp-json\/wp\/v2\/posts\/9631","targetHints":{"allow":["GET"]}}],"collection":[{"href":"https:\/\/blogs.correiobraziliense.com.br\/vicente\/wp-json\/wp\/v2\/posts"}],"about":[{"href":"https:\/\/blogs.correiobraziliense.com.br\/vicente\/wp-json\/wp\/v2\/types\/post"}],"author":[{"embeddable":true,"href":"https:\/\/blogs.correiobraziliense.com.br\/vicente\/wp-json\/wp\/v2\/users\/22"}],"replies":[{"embeddable":true,"href":"https:\/\/blogs.correiobraziliense.com.br\/vicente\/wp-json\/wp\/v2\/comments?post=9631"}],"version-history":[{"count":1,"href":"https:\/\/blogs.correiobraziliense.com.br\/vicente\/wp-json\/wp\/v2\/posts\/9631\/revisions"}],"predecessor-version":[{"id":9632,"href":"https:\/\/blogs.correiobraziliense.com.br\/vicente\/wp-json\/wp\/v2\/posts\/9631\/revisions\/9632"}],"wp:attachment":[{"href":"https:\/\/blogs.correiobraziliense.com.br\/vicente\/wp-json\/wp\/v2\/media?parent=9631"}],"wp:term":[{"taxonomy":"category","embeddable":true,"href":"https:\/\/blogs.correiobraziliense.com.br\/vicente\/wp-json\/wp\/v2\/categories?post=9631"},{"taxonomy":"post_tag","embeddable":true,"href":"https:\/\/blogs.correiobraziliense.com.br\/vicente\/wp-json\/wp\/v2\/tags?post=9631"}],"curies":[{"name":"wp","href":"https:\/\/api.w.org\/{rel}","templated":true}]}}